{"id":18089,"date":"2017-06-23T16:46:19","date_gmt":"2017-06-23T19:46:19","guid":{"rendered":"https:\/\/cbr.org.br\/?p=18089"},"modified":"2025-03-18T12:21:44","modified_gmt":"2025-03-18T15:21:44","slug":"jornada-goiana-de-radiologia-acontece-em-agosto-2","status":"publish","type":"post","link":"https:\/\/cbr.org.br\/en\/jornada-goiana-de-radiologia-acontece-em-agosto-2\/","title":{"rendered":"Goiana Day of Radiology takes place in August"},"content":{"rendered":"<p>On the 18th and 19th of August, the VII Jornada Goiana de Radiologia will be held at Castro&#039;s Park Hotel, in Goi\u00e2nia, with the support of the Brazilian College of Radiology and Diagnostic Imaging (CBR).<\/p>\n<p>The Goi\u00e1s Society of Radiology (SGOR) has already started preparations for this important state event. The entire board, made up of doctors Hugo Pereira Pinto Gama, Pedro Jos\u00e9 Santana J\u00fanior, Marcelo Vilela Lauar, Ver\u00f4nica Nogueira Garcia Edelhoff, Jos\u00e9 Wesley Ben\u00edcio Soares and Luiz Alves Ferreira Filho, is committed to having an excellent journey.<\/p>\n<p>The event will have the presence of big names in Radiology, who will address practical and current issues of each subspecialty. This year, the program will include ultrasound, computed tomography and magnetic resonance imaging methods. The themes of the day will be <em>Doppler<\/em>, Musculoskeletal, Internal Medicine and Spine.<\/p>\n<p>A large number of delegates are expected to participate due to the diversity of topics covered and the reputation of the invited professors.<\/p>\n<p>Information and registration by <em>site<\/em> <a href=\"http:\/\/www.sgor.org.br\/\" target=\"_blank\" rel=\"noopener\">www.sgor.org.br<\/a>.<\/p>","protected":false},"excerpt":{"rendered":"<p>On the 18th and 19th of August, the VII Jornada Goiana de Radiologia will be held at Castro&#039;s Park Hotel, in Goi\u00e2nia, with the support of the Brazilian College of Radiology and Diagnostic Imaging (CBR). The Goi\u00e1s Society of Radiology (SGOR) has already started preparations for this important state event. The entire board, made up of doctors \u2026 <a href=\"https:\/\/cbr.org.br\/en\/jornada-goiana-de-radiologia-acontece-em-agosto-2\/\">Keep reading<\/a><\/p>","protected":false},"author":8,"featured_media":0,"comment_status":"closed","ping_status":"closed","sticky":false,"template":"","format":"standard","meta":{"_acf_changed":false,"footnotes":""},"categories":[16],"tags":[50,80,111,310,375,376,184,370,65,96,371,66],"class_list":["post-18089","post","type-post","status-publish","format-standard","hentry","category-sociedades-estaduais","tag-cbr","tag-congresso","tag-diagnostico-por-imagem","tag-exame","tag-goiana","tag-goiania","tag-jornada","tag-laudo","tag-medico","tag-radiologia","tag-radiologico","tag-radiologista"],"acf":[],"_links":{"self":[{"href":"https:\/\/cbr.org.br\/en\/wp-json\/wp\/v2\/posts\/18089","targetHints":{"allow":["GET"]}}],"collection":[{"href":"https:\/\/cbr.org.br\/en\/wp-json\/wp\/v2\/posts"}],"about":[{"href":"https:\/\/cbr.org.br\/en\/wp-json\/wp\/v2\/types\/post"}],"author":[{"embeddable":true,"href":"https:\/\/cbr.org.br\/en\/wp-json\/wp\/v2\/users\/8"}],"replies":[{"embeddable":true,"href":"https:\/\/cbr.org.br\/en\/wp-json\/wp\/v2\/comments?post=18089"}],"version-history":[{"count":1,"href":"https:\/\/cbr.org.br\/en\/wp-json\/wp\/v2\/posts\/18089\/revisions"}],"predecessor-version":[{"id":50989,"href":"https:\/\/cbr.org.br\/en\/wp-json\/wp\/v2\/posts\/18089\/revisions\/50989"}],"wp:attachment":[{"href":"https:\/\/cbr.org.br\/en\/wp-json\/wp\/v2\/media?parent=18089"}],"wp:term":[{"taxonomy":"category","embeddable":true,"href":"https:\/\/cbr.org.br\/en\/wp-json\/wp\/v2\/categories?post=18089"},{"taxonomy":"post_tag","embeddable":true,"href":"https:\/\/cbr.org.br\/en\/wp-json\/wp\/v2\/tags?post=18089"}],"curies":[{"name":"wp","href":"https:\/\/api.w.org\/{rel}","templated":true}]}}