{"id":18107,"date":"2017-06-30T11:28:14","date_gmt":"2017-06-30T14:28:14","guid":{"rendered":"https:\/\/cbr.org.br\/?p=18107"},"modified":"2025-03-18T12:14:56","modified_gmt":"2025-03-18T15:14:56","slug":"df-curso-de-neurorradiologia-recebe-grandes-nomes-internacionais","status":"publish","type":"post","link":"https:\/\/cbr.org.br\/en\/df-curso-de-neurorradiologia-recebe-grandes-nomes-internacionais\/","title":{"rendered":"DF: Neuroradiology course receives big international names"},"content":{"rendered":"<p>Those interested in participating in the Course <em>hot topics<\/em>, which will be held from September 29 to October 1, at the National Confederation of Commerce Workers (CNTC), in Bras\u00edlia (DF), have good news. Discounted registrations have been extended until August 31st and can be done by <em>site<\/em>: <a href=\"https:\/\/hot-topics.org\/\">https:\/\/hot-topics.org\/<\/a>. Current members of the Brazilian College of Radiology and Image Diagnosis (CBR) and the Society of Radiology and Image Diagnosis of Brasilia (SRB), organizer of the event, have promotional value, as well as members of the Brazilian Society of Diagnostic and Therapeutic Neuroradiology (SBNR), course supporter.<\/p>\n<p>With the theme \u201cNeurodegenerative, spinal, infectious, inflammatory and central nervous system (CNS) diseases\u201d, the <em>hot topics<\/em> will receive big international and national names in the area. The confirmed international speakers are: \u00c0lex Rovira (Spain), Asim Bag (United States), Diego Pineda (Colombia), Saman Reyhani (Paraguay) and Sumeet Luthra Kumar (Singapore). The Brazilian representatives will be doctors Christiane Fran\u00e7a, D\u00e9borah Bail\u00e3o, Fabr\u00edcio Gon\u00e7alves, Guilherme C\u00e1ssia, Leandro Lucato, L\u00e1zaro do Amaral, Marcelo Canuto, M\u00e1rcio Olavo Magalh\u00e3es, Meire Oliveira Silva and Saman Reyhani.<\/p>\n<p>Check out the full schedule and other information about the course at <em>site<\/em> of the event. Questions can be answered by calling (61) 3245-2501 and 99195-7777 or by <em>email<\/em> <a href=\"mailto:soc.radiologia@yahoo.com.br\">soc.radiologia@yahoo.com.br<\/a>.<\/p>","protected":false},"excerpt":{"rendered":"<p>Those interested in participating in the Hot Topics Course, to be held from September 29 to October 1, at the National Confederation of Commerce Workers (CNTC), in Bras\u00edlia (DF), have good news. Discounted registration has been extended until August 31 and can be done via the website: https:\/\/hot-topics.org\/. Associates on the \u2026 <a href=\"https:\/\/cbr.org.br\/en\/df-curso-de-neurorradiologia-recebe-grandes-nomes-internacionais\/\">Keep reading<\/a><\/p>","protected":false},"author":8,"featured_media":0,"comment_status":"closed","ping_status":"closed","sticky":false,"template":"","format":"standard","meta":{"_acf_changed":false,"footnotes":""},"categories":[16],"tags":[140,50,111,441,310,370,65,95,96,371,66],"class_list":["post-18107","post","type-post","status-publish","format-standard","hentry","category-sociedades-estaduais","tag-brasilia","tag-cbr","tag-diagnostico-por-imagem","tag-distrito-federal","tag-exame","tag-laudo","tag-medico","tag-neurorradiologia","tag-radiologia","tag-radiologico","tag-radiologista"],"acf":[],"_links":{"self":[{"href":"https:\/\/cbr.org.br\/en\/wp-json\/wp\/v2\/posts\/18107","targetHints":{"allow":["GET"]}}],"collection":[{"href":"https:\/\/cbr.org.br\/en\/wp-json\/wp\/v2\/posts"}],"about":[{"href":"https:\/\/cbr.org.br\/en\/wp-json\/wp\/v2\/types\/post"}],"author":[{"embeddable":true,"href":"https:\/\/cbr.org.br\/en\/wp-json\/wp\/v2\/users\/8"}],"replies":[{"embeddable":true,"href":"https:\/\/cbr.org.br\/en\/wp-json\/wp\/v2\/comments?post=18107"}],"version-history":[{"count":1,"href":"https:\/\/cbr.org.br\/en\/wp-json\/wp\/v2\/posts\/18107\/revisions"}],"predecessor-version":[{"id":50984,"href":"https:\/\/cbr.org.br\/en\/wp-json\/wp\/v2\/posts\/18107\/revisions\/50984"}],"wp:attachment":[{"href":"https:\/\/cbr.org.br\/en\/wp-json\/wp\/v2\/media?parent=18107"}],"wp:term":[{"taxonomy":"category","embeddable":true,"href":"https:\/\/cbr.org.br\/en\/wp-json\/wp\/v2\/categories?post=18107"},{"taxonomy":"post_tag","embeddable":true,"href":"https:\/\/cbr.org.br\/en\/wp-json\/wp\/v2\/tags?post=18107"}],"curies":[{"name":"wp","href":"https:\/\/api.w.org\/{rel}","templated":true}]}}