{"id":18272,"date":"2017-07-28T09:54:04","date_gmt":"2017-07-28T12:54:04","guid":{"rendered":"https:\/\/cbr.org.br\/?p=18272"},"modified":"2025-03-18T12:29:44","modified_gmt":"2025-03-18T15:29:44","slug":"mg-sociedade-e-servicos-de-radiologia-lancam-reuniao-para-residentes","status":"publish","type":"post","link":"https:\/\/cbr.org.br\/en\/mg-sociedade-e-servicos-de-radiologia-lancam-reuniao-para-residentes\/","title":{"rendered":"MG: Radiology society and services launch meeting for residents"},"content":{"rendered":"<p><a href=\"https:\/\/cbr.org.br\/wp-content\/uploads\/2015\/09\/srmg.jpg\"><img decoding=\"async\" class=\"alignleft size-full wp-image-11975\" src=\"https:\/\/cbr.org.br\/wp-content\/uploads\/2015\/09\/srmg.jpg\" alt=\"srmg\" width=\"291\" height=\"99\" \/><\/a>Inspired by the SIG-Abdome teleconference meeting, which has existed for several years and coordinated by doctors Giuseppe D&#039;Ippolito and Carlos Matsumoto, from the Federal University of S\u00e3o Paulo (Unifesp), Dr. Rog\u00e9rio Augusto Pinto da Silva, current scientific director of the Society of Radiology and Image Diagnosis of Minas Gerais (SRMG), and the coordinators of Radiology Medical Residencies in Belo Horizonte (MG) Dr. Claudia Juliana de Rezende, from the CDI at Hospital Madre Teresa, Dr. Andr\u00e9 Morgante, from Hospital Fel\u00edcio Rocho, Dr. Fabiana Paiva Martins, from Mater Dei Hospital, and Dr. Henri Amed\u00e9e Peret, from Santa Casa, launched SIGradioMG.<\/p>\n<p>Sixty resident physicians attended the first meeting held in the auditorium of the Regional Council of Medicine of Minas Gerais (CRM-MG), in the capital of Minas Gerais, where two radiological cases were presented: one of the abdomen (Petersen&#039;s hernia) and another of the chest (fibrosis idiopathic lung).<\/p>\n<p>The next meetings are already scheduled, each under the responsibility of a service. The meeting is transmitted through a specialized application, which allows the participation of services from other cities in Minas Gerais.<\/p>","protected":false},"excerpt":{"rendered":"<p>Inspired by the SIG-Abdome teleconference meeting, held for several years and coordinated by doctors Giuseppe D&#039;Ippolito and Carlos Matsumoto, from the Federal University of S\u00e3o Paulo (Unifesp), Dr. Rog\u00e9rio Augusto Pinto da Silva, current scientific director of the Society of Radiology and Image Diagnosis of Minas Gerais (SRMG), and the coordinators of Medical Residencies in \u2026 <a href=\"https:\/\/cbr.org.br\/en\/mg-sociedade-e-servicos-de-radiologia-lancam-reuniao-para-residentes\/\">Keep reading<\/a><\/p>","protected":false},"author":8,"featured_media":8187,"comment_status":"closed","ping_status":"closed","sticky":false,"template":"","format":"standard","meta":{"_acf_changed":false,"footnotes":""},"categories":[16],"tags":[50,111,310,65,220,96,66,448],"class_list":["post-18272","post","type-post","status-publish","format-standard","has-post-thumbnail","hentry","category-sociedades-estaduais","tag-cbr","tag-diagnostico-por-imagem","tag-exame","tag-medico","tag-minas-gerais","tag-radiologia","tag-radiologista","tag-residemtes"],"acf":[],"_links":{"self":[{"href":"https:\/\/cbr.org.br\/en\/wp-json\/wp\/v2\/posts\/18272","targetHints":{"allow":["GET"]}}],"collection":[{"href":"https:\/\/cbr.org.br\/en\/wp-json\/wp\/v2\/posts"}],"about":[{"href":"https:\/\/cbr.org.br\/en\/wp-json\/wp\/v2\/types\/post"}],"author":[{"embeddable":true,"href":"https:\/\/cbr.org.br\/en\/wp-json\/wp\/v2\/users\/8"}],"replies":[{"embeddable":true,"href":"https:\/\/cbr.org.br\/en\/wp-json\/wp\/v2\/comments?post=18272"}],"version-history":[{"count":1,"href":"https:\/\/cbr.org.br\/en\/wp-json\/wp\/v2\/posts\/18272\/revisions"}],"predecessor-version":[{"id":51007,"href":"https:\/\/cbr.org.br\/en\/wp-json\/wp\/v2\/posts\/18272\/revisions\/51007"}],"wp:featuredmedia":[{"embeddable":true,"href":"https:\/\/cbr.org.br\/en\/wp-json\/"}],"wp:attachment":[{"href":"https:\/\/cbr.org.br\/en\/wp-json\/wp\/v2\/media?parent=18272"}],"wp:term":[{"taxonomy":"category","embeddable":true,"href":"https:\/\/cbr.org.br\/en\/wp-json\/wp\/v2\/categories?post=18272"},{"taxonomy":"post_tag","embeddable":true,"href":"https:\/\/cbr.org.br\/en\/wp-json\/wp\/v2\/tags?post=18272"}],"curies":[{"name":"wp","href":"https:\/\/api.w.org\/{rel}","templated":true}]}}