{"id":24724,"date":"2019-03-27T14:55:21","date_gmt":"2019-03-27T17:55:21","guid":{"rendered":"https:\/\/cbr.org.br\/?p=24724"},"modified":"2025-03-19T14:52:34","modified_gmt":"2025-03-19T17:52:34","slug":"ainda-da-tempo-inscreva-se-para-mba-gestao-em-medicina-diagnostica","status":"publish","type":"post","link":"https:\/\/cbr.org.br\/en\/ainda-da-tempo-inscreva-se-para-mba-gestao-em-medicina-diagnostica\/","title":{"rendered":"There&#039;s still time: Apply for MBA Management in Diagnostic Medicine"},"content":{"rendered":"<p style=\"text-align: left;\"><em>Classes will begin in April at the CBR Continuing Medical Education Center (CEMC CBR)<\/em><\/p>\n<p>&nbsp;<\/p>\n<p>The MBA Management in Diagnostic Medicine brings, in partnership with FIA (Funda\u00e7\u00e3o Instituto de Administra\u00e7\u00e3o), an opportunity for professionals who seek to update and develop skills in order to develop a better management of their businesses or as a professional in their work environment.<\/p>\n<p>The course is aimed at professionals in the areas of administration or health. It will begin in April, with an inaugural class on the 5th, and will be held fortnightly at the CBR Continuing Medical Education Center (CEMC CBR), in S\u00e3o Paulo.<\/p>\n<p>The faculty is mostly composed of masters and doctors, in addition to specialists and professionals with notorious knowledge in the area and solid teaching and market experience, which guarantees excellent technical, academic and didactic training for students.<\/p>\n<p>There is no registration fee for interested parties and CBR members have an exclusive discount on monthly fees.<\/p>\n<p>To learn more about this important CBR initiative in the field of Education, watch the CBR Studio dedicated to the topic, available on our YouTube channel: <a href=\"https:\/\/www.youtube.com\/watch?v=p_x1JY_5wow\">https:\/\/www.youtube.com\/watch?v=p_x1JY_5wow<\/a><\/p>\n<p>Information and registration: <a href=\"https:\/\/fia.com.br\/mba\/gestao-medicina-diagnostica\/\">https:\/\/fia.com.br\/mba\/gestao-medicina-diagnostica\/<\/a><\/p>","protected":false},"excerpt":{"rendered":"<p>Classes will start in April, at the Center for Continuing Medical Education at CBR (CEMC CBR) in order to develop a better management of your business or \u2026 <a href=\"https:\/\/cbr.org.br\/en\/ainda-da-tempo-inscreva-se-para-mba-gestao-em-medicina-diagnostica\/\">Keep reading<\/a><\/p>","protected":false},"author":8,"featured_media":22390,"comment_status":"closed","ping_status":"closed","sticky":false,"template":"","format":"standard","meta":{"_acf_changed":false,"footnotes":""},"categories":[669],"tags":[50,694,83,84,676],"class_list":["post-24724","post","type-post","status-publish","format-standard","has-post-thumbnail","hentry","category-mba","tag-cbr","tag-cbr_radiologista","tag-mba","tag-medicina-diagnostica","tag-medico-radiologista"],"acf":[],"_links":{"self":[{"href":"https:\/\/cbr.org.br\/en\/wp-json\/wp\/v2\/posts\/24724","targetHints":{"allow":["GET"]}}],"collection":[{"href":"https:\/\/cbr.org.br\/en\/wp-json\/wp\/v2\/posts"}],"about":[{"href":"https:\/\/cbr.org.br\/en\/wp-json\/wp\/v2\/types\/post"}],"author":[{"embeddable":true,"href":"https:\/\/cbr.org.br\/en\/wp-json\/wp\/v2\/users\/8"}],"replies":[{"embeddable":true,"href":"https:\/\/cbr.org.br\/en\/wp-json\/wp\/v2\/comments?post=24724"}],"version-history":[{"count":1,"href":"https:\/\/cbr.org.br\/en\/wp-json\/wp\/v2\/posts\/24724\/revisions"}],"predecessor-version":[{"id":51233,"href":"https:\/\/cbr.org.br\/en\/wp-json\/wp\/v2\/posts\/24724\/revisions\/51233"}],"wp:featuredmedia":[{"embeddable":true,"href":"https:\/\/cbr.org.br\/en\/wp-json\/wp\/v2\/media\/22390"}],"wp:attachment":[{"href":"https:\/\/cbr.org.br\/en\/wp-json\/wp\/v2\/media?parent=24724"}],"wp:term":[{"taxonomy":"category","embeddable":true,"href":"https:\/\/cbr.org.br\/en\/wp-json\/wp\/v2\/categories?post=24724"},{"taxonomy":"post_tag","embeddable":true,"href":"https:\/\/cbr.org.br\/en\/wp-json\/wp\/v2\/tags?post=24724"}],"curies":[{"name":"wp","href":"https:\/\/api.w.org\/{rel}","templated":true}]}}