{"id":25007,"date":"2019-04-11T09:44:22","date_gmt":"2019-04-11T12:44:22","guid":{"rendered":"https:\/\/cbr.org.br\/?p=25007"},"modified":"2025-03-19T14:47:18","modified_gmt":"2025-03-19T17:47:18","slug":"mes-de-junho-sera-marcado-por-diversas-jornadas-de-radiologia","status":"publish","type":"post","link":"https:\/\/cbr.org.br\/en\/mes-de-junho-sera-marcado-por-diversas-jornadas-de-radiologia\/","title":{"rendered":"June will be marked by several Radiology days"},"content":{"rendered":"<p>On May 31st and June 1st, in the morning and afternoon, the Barra Shopping Sul Events Center will host the XXIX Ga\u00facha Day of Radiology \u2013 JGR2019, promoted by the Ga\u00facha Association of Radiology \u2013 AGR. The event will feature several activities presented by doctors, nurses, technicians and other professionals specialized in the subject. Registration to participate in the event is now open and can be done on the website <a href=\"http:\/\/www.jgr2019.com.br\">www.jgr2019.com.br<\/a>.<\/p>\n<p>Also in the south of the country, the Paran\u00e1 Society of Radiology and Imaging Diagnosis invites everyone to participate in the 12th Paran\u00e1 Radiology Conference, which will have as its theme the Image of Women. The Journey will be held in the capital of Paran\u00e1, Curitiba, and the main novelty for the event is the presence of an international guest: Dr. Anthony Thomas Stavros (USA), associate professor of the Department of Radiology at the University of Texas Health Sciences Center and one of the pioneers in the elaboration of BI-RADS\u00ae .<\/p>\n<p>The book \u201cBreast Ultrasound\u201d is his authorship and is used as a reference when the subject is Breast Ultrasound. In addition, the 12th Paranaense Day of Radiology will feature courses <em>hands-on<\/em> in the areas of elastography, thyroid ultrasound and breast biopsy.<\/p>\n<p>In the Northeast of the country, the XXI Pernambucana Day of Radiology and the XXIX Breast Imaging Diagnosis Course will take place. The event will take place at the JCPM Trade Center, in Recife, and will feature renowned national and international professors.<\/p>\n<p>&nbsp;<\/p>\n<p>Follow!<\/p>","protected":false},"excerpt":{"rendered":"<p>On May 31st and June 1st, in the morning and afternoon, the Barra Shopping Sul Events Center will host the XXIX Ga\u00facha Day of Radiology \u2013 JGR2019, promoted by the Ga\u00facha Association of Radiology \u2013 AGR. The event will feature several activities presented by doctors, nurses, technicians and other professionals specialized in the subject. \u2026 <a href=\"https:\/\/cbr.org.br\/en\/mes-de-junho-sera-marcado-por-diversas-jornadas-de-radiologia\/\">Keep reading<\/a><\/p>","protected":false},"author":8,"featured_media":25027,"comment_status":"closed","ping_status":"closed","sticky":false,"template":"","format":"standard","meta":{"_acf_changed":false,"footnotes":""},"categories":[16],"tags":[50,665,111,84],"class_list":["post-25007","post","type-post","status-publish","format-standard","has-post-thumbnail","hentry","category-sociedades-estaduais","tag-cbr","tag-cbr_radiologia","tag-diagnostico-por-imagem","tag-medicina-diagnostica"],"acf":[],"_links":{"self":[{"href":"https:\/\/cbr.org.br\/en\/wp-json\/wp\/v2\/posts\/25007","targetHints":{"allow":["GET"]}}],"collection":[{"href":"https:\/\/cbr.org.br\/en\/wp-json\/wp\/v2\/posts"}],"about":[{"href":"https:\/\/cbr.org.br\/en\/wp-json\/wp\/v2\/types\/post"}],"author":[{"embeddable":true,"href":"https:\/\/cbr.org.br\/en\/wp-json\/wp\/v2\/users\/8"}],"replies":[{"embeddable":true,"href":"https:\/\/cbr.org.br\/en\/wp-json\/wp\/v2\/comments?post=25007"}],"version-history":[{"count":1,"href":"https:\/\/cbr.org.br\/en\/wp-json\/wp\/v2\/posts\/25007\/revisions"}],"predecessor-version":[{"id":51228,"href":"https:\/\/cbr.org.br\/en\/wp-json\/wp\/v2\/posts\/25007\/revisions\/51228"}],"wp:featuredmedia":[{"embeddable":true,"href":"https:\/\/cbr.org.br\/en\/wp-json\/wp\/v2\/media\/25027"}],"wp:attachment":[{"href":"https:\/\/cbr.org.br\/en\/wp-json\/wp\/v2\/media?parent=25007"}],"wp:term":[{"taxonomy":"category","embeddable":true,"href":"https:\/\/cbr.org.br\/en\/wp-json\/wp\/v2\/categories?post=25007"},{"taxonomy":"post_tag","embeddable":true,"href":"https:\/\/cbr.org.br\/en\/wp-json\/wp\/v2\/tags?post=25007"}],"curies":[{"name":"wp","href":"https:\/\/api.w.org\/{rel}","templated":true}]}}