{"id":42181,"date":"2022-07-12T15:54:12","date_gmt":"2022-07-12T18:54:12","guid":{"rendered":"https:\/\/cbr.org.br\/?p=42181"},"modified":"2022-07-12T15:54:13","modified_gmt":"2022-07-12T18:54:13","slug":"ecr-2022-tera-homenagem-a-manoel-de-souza-rocha-ex-presidente-do-cbr","status":"publish","type":"post","link":"https:\/\/cbr.org.br\/en\/ecr-2022-tera-homenagem-a-manoel-de-souza-rocha-ex-presidente-do-cbr\/","title":{"rendered":"ECR 2022 will pay tribute to Manoel de Souza Rocha, former president of CBR"},"content":{"rendered":"<p>Former president of the Brazilian College of Radiology and Diagnostic Imaging (CBR), Professor Manoel de Souza Rocha will be honored at the European Congress of Radiology (<em>European Congress of Radiology<\/em> \u2013 ECR) 2022, one of the biggest and most important world events of the specialty, which will be held from July 13th to 17th, in Vienna, Austria. He will become Honorary Member of the European Society of Radiology (<em>European Society of Radiology<\/em> \u2013 ESR), responsible for the congress.<\/p>\n\n\n\n<figure class=\"wp-block-image size-full\"><img fetchpriority=\"high\" decoding=\"async\" width=\"1800\" height=\"750\" src=\"https:\/\/cbr.org.br\/wp-content\/uploads\/2022\/07\/dr.-manoel-souza-rocha-cbr.jpg\" alt=\"Manoel de Souza Rocha CBR radiologia radiologista ecr 2022\" class=\"wp-image-42187\" srcset=\"https:\/\/cbr.org.br\/wp-content\/uploads\/2022\/07\/dr.-manoel-souza-rocha-cbr.jpg 1800w, https:\/\/cbr.org.br\/wp-content\/uploads\/2022\/07\/dr.-manoel-souza-rocha-cbr-960x400.jpg 960w, https:\/\/cbr.org.br\/wp-content\/uploads\/2022\/07\/dr.-manoel-souza-rocha-cbr-450x188.jpg 450w, https:\/\/cbr.org.br\/wp-content\/uploads\/2022\/07\/dr.-manoel-souza-rocha-cbr-768x320.jpg 768w, https:\/\/cbr.org.br\/wp-content\/uploads\/2022\/07\/dr.-manoel-souza-rocha-cbr-1536x640.jpg 1536w, https:\/\/cbr.org.br\/wp-content\/uploads\/2022\/07\/dr.-manoel-souza-rocha-cbr-18x8.jpg 18w\" sizes=\"(max-width: 1800px) 100vw, 1800px\" \/><\/figure>\n\n\n\n<p>Manoel de Souza Rocha is an associate professor of Radiology at the University of S\u00e3o Paulo (USP). He graduated from the Faculty of Medicine at USP and did a residency in radiology at the Hospital das Cl\u00ednicas in S\u00e3o Paulo. Working at the largest university hospital in Brazil, he was responsible for introducing the participation of radiologists in multidisciplinary team meetings and today has daily educational activities with radiology, surgery and gastroenterology residents.<\/p>\n\n\n\n<p>He served four years as scientific director and two years as president of CBR, between 2017 and 2018. During this period, CBR made great efforts to offer educational activities to radiologists from different regions of Brazil and to develop new methods of online education, with special interest in use of social media. As president of CBR, he also took the initiative to strengthen the relationship with ESR, which resulted in the \u201cBest of ECR\u201d honor.<\/p>\n\n\n\n<p>Since the beginning of his professional career, Professor Manoel de Souza Rocha has shown great interest in teaching medical students. This devotion has resulted in receiving more than 20 Annual Teaching Awards. He is an Honorary Member of <em>American Roentgen Ray Society<\/em> (ARRS), Society of Radiology of Piau\u00ed, Society of Radiology of Cear\u00e1, Society of Radiology of Pernambuco, and was awarded the CBR Gold Medal.<\/p>\n\n\n\n<p>One of the pioneers working with computed tomography in the country, he is the author of more than 100 peer-reviewed publications, 50 book chapters and two books on abdominal radiology. He also co-edited five books on radiology and gave more than 700 lectures in Brazil and other countries, among a number of other accomplishments.<\/p>\n\n\n\n<div class=\"wp-block-buttons is-layout-flex wp-block-buttons-is-layout-flex\">\n<div class=\"wp-block-button aligncenter\"><a class=\"wp-block-button__link\" href=\"https:\/\/www.myesr.org\/congress\" target=\"_blank\" rel=\"noreferrer noopener\"><strong>Learn more about ECR 2022<\/strong><\/a><\/div>\n<\/div>\n\n\n\n<p><strong>Read too: <a href=\"https:\/\/cbr.org.br\/en\/defesa-profissional-para-fortalecer-o-trabalho-do-radiologista\/\" target=\"_blank\" rel=\"noreferrer noopener\">Professional Defense to strengthen the work of the radiologist<\/a><\/strong><\/p>","protected":false},"excerpt":{"rendered":"<p>Former president of the Brazilian College of Radiology and Diagnostic Imaging (CBR), Manoel de Souza Rocha will be honored at ECR 2022.<\/p>","protected":false},"author":16,"featured_media":42187,"comment_status":"closed","ping_status":"closed","sticky":false,"template":"","format":"standard","meta":{"_acf_changed":false,"footnotes":""},"categories":[493,10],"tags":[50,521,96,66],"class_list":["post-42181","post","type-post","status-publish","format-standard","has-post-thumbnail","hentry","category-cbr-sociedade","category-institucional","tag-cbr","tag-ecr-2022","tag-radiologia","tag-radiologista"],"acf":[],"_links":{"self":[{"href":"https:\/\/cbr.org.br\/en\/wp-json\/wp\/v2\/posts\/42181","targetHints":{"allow":["GET"]}}],"collection":[{"href":"https:\/\/cbr.org.br\/en\/wp-json\/wp\/v2\/posts"}],"about":[{"href":"https:\/\/cbr.org.br\/en\/wp-json\/wp\/v2\/types\/post"}],"author":[{"embeddable":true,"href":"https:\/\/cbr.org.br\/en\/wp-json\/wp\/v2\/users\/16"}],"replies":[{"embeddable":true,"href":"https:\/\/cbr.org.br\/en\/wp-json\/wp\/v2\/comments?post=42181"}],"version-history":[{"count":2,"href":"https:\/\/cbr.org.br\/en\/wp-json\/wp\/v2\/posts\/42181\/revisions"}],"predecessor-version":[{"id":42188,"href":"https:\/\/cbr.org.br\/en\/wp-json\/wp\/v2\/posts\/42181\/revisions\/42188"}],"wp:featuredmedia":[{"embeddable":true,"href":"https:\/\/cbr.org.br\/en\/wp-json\/wp\/v2\/media\/42187"}],"wp:attachment":[{"href":"https:\/\/cbr.org.br\/en\/wp-json\/wp\/v2\/media?parent=42181"}],"wp:term":[{"taxonomy":"category","embeddable":true,"href":"https:\/\/cbr.org.br\/en\/wp-json\/wp\/v2\/categories?post=42181"},{"taxonomy":"post_tag","embeddable":true,"href":"https:\/\/cbr.org.br\/en\/wp-json\/wp\/v2\/tags?post=42181"}],"curies":[{"name":"wp","href":"https:\/\/api.w.org\/{rel}","templated":true}]}}