{"id":42189,"date":"2022-07-12T16:11:07","date_gmt":"2022-07-12T19:11:07","guid":{"rendered":"https:\/\/cbr.org.br\/?p=42189"},"modified":"2022-07-13T08:59:56","modified_gmt":"2022-07-13T11:59:56","slug":"cabeca-e-pescoco-sera-tema-de-diversas-atividades-cientificas-no-cbr22","status":"publish","type":"post","link":"https:\/\/cbr.org.br\/en\/cabeca-e-pescoco-sera-tema-de-diversas-atividades-cientificas-no-cbr22\/","title":{"rendered":"Head and Neck will be the subject of several scientific activities at CBR22"},"content":{"rendered":"<p>The Head and Neck subspecialty will be the subject of several scientific activities at the 51st Brazilian Congress of Radiology and Diagnostic Imaging (CBR22), to be held from September 1st to 3rd, in Florian\u00f3polis (SC). To the <a href=\"https:\/\/congressocbr.com.br\/cbr2022\" target=\"_blank\" rel=\"noreferrer noopener\">registrations are now open<\/a>.<\/p>\n\n\n\n<figure class=\"wp-block-image size-full\"><a href=\"https:\/\/congressocbr.com.br\/cbr2022\" target=\"_blank\" rel=\"noreferrer noopener\"><img fetchpriority=\"high\" decoding=\"async\" width=\"1800\" height=\"750\" src=\"https:\/\/cbr.org.br\/wp-content\/uploads\/2022\/07\/cabeca-e-pescoco-radiologia-radiologista-cbr22-cbr.png\" alt=\"cabe\u00e7a e pesco\u00e7o radiologia radiologista cbr22 cbr\" class=\"wp-image-42190\" srcset=\"https:\/\/cbr.org.br\/wp-content\/uploads\/2022\/07\/cabeca-e-pescoco-radiologia-radiologista-cbr22-cbr.png 1800w, https:\/\/cbr.org.br\/wp-content\/uploads\/2022\/07\/cabeca-e-pescoco-radiologia-radiologista-cbr22-cbr-960x400.png 960w, https:\/\/cbr.org.br\/wp-content\/uploads\/2022\/07\/cabeca-e-pescoco-radiologia-radiologista-cbr22-cbr-450x188.png 450w, https:\/\/cbr.org.br\/wp-content\/uploads\/2022\/07\/cabeca-e-pescoco-radiologia-radiologista-cbr22-cbr-768x320.png 768w, https:\/\/cbr.org.br\/wp-content\/uploads\/2022\/07\/cabeca-e-pescoco-radiologia-radiologista-cbr22-cbr-1536x640.png 1536w, https:\/\/cbr.org.br\/wp-content\/uploads\/2022\/07\/cabeca-e-pescoco-radiologia-radiologista-cbr22-cbr-18x8.png 18w\" sizes=\"(max-width: 1800px) 100vw, 1800px\" \/><\/a><\/figure>\n\n\n\n<p>Head and Neck activities at CBR22 will take place on September 2nd and 3rd. The first day will be filled with refresher courses in: Orbits, Skull base and rhinopharynx, Salivary glands, Temporal bones, Oral cavity and oropharynx, Paranasal sinuses, Larynx and hypopharynx and Maxilla and mandible.<\/p>\n\n\n\n<p>The following day, Head and Neck activities at CBR22 will be:<\/p>\n\n\n\n<p><strong><em>Rare and challenging cases in\u2026 what did I learn from them?:<\/em><\/strong> Skull Base, Temporal Bones, Parathyroid Glands, and Temporal Bones<br><strong><em>How I report: life as it is\u2026:<\/em> <\/strong>ATM, Dental scan, Orbits and Paranasal sinuses<br><em><strong>Tumor Board \/ Multidisciplinary Session<\/strong><br><strong>What&#039;s new in the literature on\u2026:<\/strong> <\/em>Olfactory bulb, thyroid gland, carotid arteries: plaque imaging evaluation and update of the WHO classification of head and neck neoplasms<br><em><strong>Hot Topics:<\/strong> <\/em>Neurography, Meni\u00e8re&#039;s Disease and Permeability.<br><em><strong>Point and Counterpoint:<\/strong> <\/em>Sensorineural hearing loss: MRI with contrast or MRI without contrast<\/p>\n\n\n\n<p><strong>renowned experts<\/strong><\/p>\n\n\n\n<p>All activities will have the participation of renowned experts in the field. They are: Eloisa Santiago Gebrim (SP), Regina Lucia Elia Gomes (SP), Anna Patr\u00edcia de Freitas Linhares Riello (RJ), Luiz Ot\u00e1vio de Mattos Coelho (PR), Maira de Oliveira Sarpi (SP), Ula Lindoso Passos (SP ), Rafael Maffei Loureiro (SP), Marielli Benedet Dal Bo (SC), Ademar Jos\u00e9 de Oliveira Paes J\u00fanior (SC), Vicente Martorano Menegotto (SC), Daniel Knabben Ortelado (SC) and Hor\u00e1cio Chikota (SC).<\/p>\n\n\n\n<h2 class=\"wp-block-heading\"><strong>Other subspecialties in CBR22<\/strong><\/h2>\n\n\n\n<p>In addition to Head and Neck, the 51st Brazilian Congress of Radiology and Diagnostic Imaging will feature activities from 15 other subspecialties and various topics of interest in radiology. CBR22 will also have Arenas, Marathon, exhibition of scientific works and much more. All in an environment focused on promoting broad integration among participants.<\/p>\n\n\n\n<p>Don&#039;t be left out.<\/p>\n\n\n\n<div class=\"wp-block-buttons is-layout-flex wp-block-buttons-is-layout-flex\">\n<div class=\"wp-block-button aligncenter\"><a class=\"wp-block-button__link\" href=\"https:\/\/congressocbr.com.br\/cbr2022\" target=\"_blank\" rel=\"noreferrer noopener\"><strong>Sign up right now<\/strong><\/a><\/div>\n<\/div>\n\n\n\n<p><strong>Read too: <a href=\"https:\/\/cbr.org.br\/en\/ecr-2022-tera-homenagem-a-manoel-de-souza-rocha-ex-presidente-do-cbr\/\" target=\"_blank\" rel=\"noreferrer noopener\">ECR 2022 will pay tribute to Manoel de Souza Rocha, former president of CBR<\/a><\/strong><\/p>","protected":false},"excerpt":{"rendered":"<p>Head and Neck will be the subject of several scientific activities at the 51st Brazilian Congress of Radiology and Diagnostic Imaging (CBR22).<\/p>","protected":false},"author":16,"featured_media":42190,"comment_status":"closed","ping_status":"closed","sticky":false,"template":"","format":"standard","meta":{"_acf_changed":false,"footnotes":""},"categories":[491,10],"tags":[540,50,512,111,96,66],"class_list":["post-42189","post","type-post","status-publish","format-standard","has-post-thumbnail","hentry","category-cbr-educa","category-institucional","tag-cabeca-e-pescoco","tag-cbr","tag-cbr22","tag-diagnostico-por-imagem","tag-radiologia","tag-radiologista"],"acf":[],"_links":{"self":[{"href":"https:\/\/cbr.org.br\/en\/wp-json\/wp\/v2\/posts\/42189","targetHints":{"allow":["GET"]}}],"collection":[{"href":"https:\/\/cbr.org.br\/en\/wp-json\/wp\/v2\/posts"}],"about":[{"href":"https:\/\/cbr.org.br\/en\/wp-json\/wp\/v2\/types\/post"}],"author":[{"embeddable":true,"href":"https:\/\/cbr.org.br\/en\/wp-json\/wp\/v2\/users\/16"}],"replies":[{"embeddable":true,"href":"https:\/\/cbr.org.br\/en\/wp-json\/wp\/v2\/comments?post=42189"}],"version-history":[{"count":3,"href":"https:\/\/cbr.org.br\/en\/wp-json\/wp\/v2\/posts\/42189\/revisions"}],"predecessor-version":[{"id":42252,"href":"https:\/\/cbr.org.br\/en\/wp-json\/wp\/v2\/posts\/42189\/revisions\/42252"}],"wp:featuredmedia":[{"embeddable":true,"href":"https:\/\/cbr.org.br\/en\/wp-json\/wp\/v2\/media\/42190"}],"wp:attachment":[{"href":"https:\/\/cbr.org.br\/en\/wp-json\/wp\/v2\/media?parent=42189"}],"wp:term":[{"taxonomy":"category","embeddable":true,"href":"https:\/\/cbr.org.br\/en\/wp-json\/wp\/v2\/categories?post=42189"},{"taxonomy":"post_tag","embeddable":true,"href":"https:\/\/cbr.org.br\/en\/wp-json\/wp\/v2\/tags?post=42189"}],"curies":[{"name":"wp","href":"https:\/\/api.w.org\/{rel}","templated":true}]}}