{"id":48361,"date":"2024-03-06T10:27:21","date_gmt":"2024-03-06T13:27:21","guid":{"rendered":"https:\/\/cbr.org.br\/?p=48361"},"modified":"2024-03-06T10:40:23","modified_gmt":"2024-03-06T13:40:23","slug":"diretoria-do-cbr-se-reune-em-brasilia-df-com-o-senador-dr-hiran-goncalves-para-debater-questoes-sobre-a-defesa-da-especialidade-e-da-medicina-em-geral-por-nao-medicos","status":"publish","type":"post","link":"https:\/\/cbr.org.br\/en\/diretoria-do-cbr-se-reune-em-brasilia-df-com-o-senador-dr-hiran-goncalves-para-debater-questoes-sobre-a-defesa-da-especialidade-e-da-medicina-em-geral-por-nao-medicos\/","title":{"rendered":"CBR Board of Directors meets in Bras\u00edlia (DF) with Senator Dr. Hiran Gon\u00e7alves to discuss issues about the defense of the specialty and medicine in general by non-doctors"},"content":{"rendered":"<figure class=\"wp-block-image size-full is-resized\"><img fetchpriority=\"high\" decoding=\"async\" width=\"1600\" height=\"1066\" src=\"https:\/\/cbr.org.br\/wp-content\/uploads\/2024\/03\/Reuniao-com-o-Dr-Hiran-Goncalves-4.jpg\" alt=\"Reuni\u00e3o do CBR com o senador Dr. Hiran Gon\u00e7alves (PL-RR) sobre Defesa do Ato M\u00e9dico;\" class=\"wp-image-48362\" style=\"width:768px;height:auto\" srcset=\"https:\/\/cbr.org.br\/wp-content\/uploads\/2024\/03\/Reuniao-com-o-Dr-Hiran-Goncalves-4.jpg 1600w, https:\/\/cbr.org.br\/wp-content\/uploads\/2024\/03\/Reuniao-com-o-Dr-Hiran-Goncalves-4-811x540.jpg 811w, https:\/\/cbr.org.br\/wp-content\/uploads\/2024\/03\/Reuniao-com-o-Dr-Hiran-Goncalves-4-381x254.jpg 381w, https:\/\/cbr.org.br\/wp-content\/uploads\/2024\/03\/Reuniao-com-o-Dr-Hiran-Goncalves-4-768x512.jpg 768w, https:\/\/cbr.org.br\/wp-content\/uploads\/2024\/03\/Reuniao-com-o-Dr-Hiran-Goncalves-4-1536x1023.jpg 1536w, https:\/\/cbr.org.br\/wp-content\/uploads\/2024\/03\/Reuniao-com-o-Dr-Hiran-Goncalves-4-18x12.jpg 18w\" sizes=\"(max-width: 1600px) 100vw, 1600px\" \/><figcaption class=\"wp-element-caption\">From left to right: Dr. Val\u00e9rio Ribeiro \u2013 CBR Legal; Dr. Cibele Carvalho \u2013 President CBR; Dr. Hiran Gon\u00e7alves \u2013 Senator of the Republic; Dr. Rubens Chojniak \u2013 1st Vice President CBR; Dr. H\u00e9lio Braga \u2013 2nd Vice-president CBR; Dr. Mayra Veloso \u2013 2nd CBR secretary; and Dr. Juliana Tapaj\u00f3s \u2013 CBR Professional Defense Directorate;  <\/figcaption><\/figure>\n\n\n\n<p><br>Yesterday, March 5, 2024, the board of directors of the Brazilian College of Radiology and Diagnostic Imaging (CBR), represented by Dr. Cibele Carvalho \u2013 President CBR; Dr. Rubens Chojniak \u2013 1st vice-president, Dr. H\u00e9lio Braga \u2013 2nd vice-president, Dr. Mayra Veloso \u2013 2nd secretary; Dr. Juliana Tapaj\u00f3s \u2013 Director of Professional Defense, in addition to Dr. Val\u00e9rio Ribeiro \u2013 CBR Legal, met in Bras\u00edlia (DF) with senator Dr. Hiran Gon\u00e7alves (PP-RR), to discuss important issues for our specialty.&nbsp;<br><br>Among other topics, issues such as the invasion of the specialty and medicine in general by non-doctors, disrespecting the Medical Act Law, the devaluation of the remuneration of the specialty, which is at a critical moment, were addressed, and an agenda of meetings of the CBR with several entities in favor of defending our specialty, with the support of the senator.<\/p>\n\n\n\n<figure class=\"wp-block-image size-full is-resized\"><img decoding=\"async\" width=\"1600\" height=\"1066\" src=\"https:\/\/cbr.org.br\/wp-content\/uploads\/2024\/03\/Reuniao-com-o-Dr-Hiran-Goncalves-1.jpg\" alt=\"\" class=\"wp-image-48366\" style=\"width:755px;height:auto\" srcset=\"https:\/\/cbr.org.br\/wp-content\/uploads\/2024\/03\/Reuniao-com-o-Dr-Hiran-Goncalves-1.jpg 1600w, https:\/\/cbr.org.br\/wp-content\/uploads\/2024\/03\/Reuniao-com-o-Dr-Hiran-Goncalves-1-811x540.jpg 811w, https:\/\/cbr.org.br\/wp-content\/uploads\/2024\/03\/Reuniao-com-o-Dr-Hiran-Goncalves-1-381x254.jpg 381w, https:\/\/cbr.org.br\/wp-content\/uploads\/2024\/03\/Reuniao-com-o-Dr-Hiran-Goncalves-1-768x512.jpg 768w, https:\/\/cbr.org.br\/wp-content\/uploads\/2024\/03\/Reuniao-com-o-Dr-Hiran-Goncalves-1-1536x1023.jpg 1536w, https:\/\/cbr.org.br\/wp-content\/uploads\/2024\/03\/Reuniao-com-o-Dr-Hiran-Goncalves-1-18x12.jpg 18w\" sizes=\"(max-width: 1600px) 100vw, 1600px\" \/><figcaption class=\"wp-element-caption\">CBR Board during the meeting with Dr. Hiran Gon\u00e7alves.<\/figcaption><\/figure>\n\n\n\n<p>It is the CBR with operations focused on benefiting its members and Brazilian Radiology.<br><br>Radiology is essential!&nbsp;<br>Together we are stronger.<\/p>","protected":false},"excerpt":{"rendered":"<p>Yesterday, March 5, 2024, the board of directors of the Brazilian College of Radiology and Diagnostic Imaging (CBR), represented by Dr. Cibele Carvalho \u2013 President CBR; Dr. Rubens Chojniak \u2013 1st vice-president, Dr. H\u00e9lio Braga \u2013 2nd vice-president, Dr. Mayra Veloso \u2013 2nd secretary; Dr. Juliana Tapaj\u00f3s \u2013 Director of Professional Defense, in addition to Dr. \u2026 <a href=\"https:\/\/cbr.org.br\/en\/diretoria-do-cbr-se-reune-em-brasilia-df-com-o-senador-dr-hiran-goncalves-para-debater-questoes-sobre-a-defesa-da-especialidade-e-da-medicina-em-geral-por-nao-medicos\/\">Keep reading<\/a><\/p>","protected":false},"author":8,"featured_media":48362,"comment_status":"closed","ping_status":"closed","sticky":false,"template":"","format":"standard","meta":{"_acf_changed":false,"footnotes":""},"categories":[4,10],"tags":[6,630,96,66],"class_list":["post-48361","post","type-post","status-publish","format-standard","has-post-thumbnail","hentry","category-defesa-profissional","category-institucional","tag-defesa-profissional","tag-defesadoatomedico","tag-radiologia","tag-radiologista"],"acf":[],"_links":{"self":[{"href":"https:\/\/cbr.org.br\/en\/wp-json\/wp\/v2\/posts\/48361","targetHints":{"allow":["GET"]}}],"collection":[{"href":"https:\/\/cbr.org.br\/en\/wp-json\/wp\/v2\/posts"}],"about":[{"href":"https:\/\/cbr.org.br\/en\/wp-json\/wp\/v2\/types\/post"}],"author":[{"embeddable":true,"href":"https:\/\/cbr.org.br\/en\/wp-json\/wp\/v2\/users\/8"}],"replies":[{"embeddable":true,"href":"https:\/\/cbr.org.br\/en\/wp-json\/wp\/v2\/comments?post=48361"}],"version-history":[{"count":3,"href":"https:\/\/cbr.org.br\/en\/wp-json\/wp\/v2\/posts\/48361\/revisions"}],"predecessor-version":[{"id":48368,"href":"https:\/\/cbr.org.br\/en\/wp-json\/wp\/v2\/posts\/48361\/revisions\/48368"}],"wp:featuredmedia":[{"embeddable":true,"href":"https:\/\/cbr.org.br\/en\/wp-json\/wp\/v2\/media\/48362"}],"wp:attachment":[{"href":"https:\/\/cbr.org.br\/en\/wp-json\/wp\/v2\/media?parent=48361"}],"wp:term":[{"taxonomy":"category","embeddable":true,"href":"https:\/\/cbr.org.br\/en\/wp-json\/wp\/v2\/categories?post=48361"},{"taxonomy":"post_tag","embeddable":true,"href":"https:\/\/cbr.org.br\/en\/wp-json\/wp\/v2\/tags?post=48361"}],"curies":[{"name":"wp","href":"https:\/\/api.w.org\/{rel}","templated":true}]}}