{"id":49445,"date":"2024-08-09T20:50:28","date_gmt":"2024-08-09T23:50:28","guid":{"rendered":"https:\/\/cbr.org.br\/?p=49445"},"modified":"2025-03-06T16:39:36","modified_gmt":"2025-03-06T19:39:36","slug":"nota-de-falecimento-27","status":"publish","type":"post","link":"https:\/\/cbr.org.br\/en\/nota-de-falecimento-27\/","title":{"rendered":"Obituary \u2013 Dr. Leonel Ferreira"},"content":{"rendered":"<p>It is with great sadness that we announce the death of Dr. Jos\u00e9 Roberto Leonel Ferreira \u2013 Full Member of the CBR.<br><br>Owner of the Dr. Leonel Ferreira Imaging Center, opened 27 years ago in Cascavel, he was among the 62 occupants of the Voepass plane that crashed on Friday afternoon in Vinhedo (SP).<br><br>Dr. Leonel was a Radiologist with a residency at the Hospital do Servidor P\u00fablico in S\u00e3o Paulo; a full member of the CBR; a Master in Biomedical Engineering from the Federal Technological University of Paran\u00e1; and an Assistant Professor of the Medicine and Medical Residency Course at Unioeste \u2013 PR.<br><br>CBR sympathizes and wishes family and friends a lot of strength at this time.<\/p>\n\n\n\n<figure class=\"wp-block-image size-full\"><img fetchpriority=\"high\" decoding=\"async\" width=\"1800\" height=\"750\" src=\"https:\/\/cbr.org.br\/wp-content\/uploads\/2024\/08\/Noticia-Site-CBR_09_08_Nota-de-Falecimento_Leonel-Ferreira.png\" alt=\"\" class=\"wp-image-49446\" srcset=\"https:\/\/cbr.org.br\/wp-content\/uploads\/2024\/08\/Noticia-Site-CBR_09_08_Nota-de-Falecimento_Leonel-Ferreira.png 1800w, https:\/\/cbr.org.br\/wp-content\/uploads\/2024\/08\/Noticia-Site-CBR_09_08_Nota-de-Falecimento_Leonel-Ferreira-960x400.png 960w, https:\/\/cbr.org.br\/wp-content\/uploads\/2024\/08\/Noticia-Site-CBR_09_08_Nota-de-Falecimento_Leonel-Ferreira-450x188.png 450w, https:\/\/cbr.org.br\/wp-content\/uploads\/2024\/08\/Noticia-Site-CBR_09_08_Nota-de-Falecimento_Leonel-Ferreira-768x320.png 768w, https:\/\/cbr.org.br\/wp-content\/uploads\/2024\/08\/Noticia-Site-CBR_09_08_Nota-de-Falecimento_Leonel-Ferreira-1536x640.png 1536w, https:\/\/cbr.org.br\/wp-content\/uploads\/2024\/08\/Noticia-Site-CBR_09_08_Nota-de-Falecimento_Leonel-Ferreira-18x8.png 18w\" sizes=\"(max-width: 1800px) 100vw, 1800px\" \/><\/figure>","protected":false},"excerpt":{"rendered":"<p>It is with great sadness that we announce the death of Dr. Jos\u00e9 Roberto Leonel Ferreira \u2013 a full member of the CBR. Owner of the Dr. Leonel Ferreira Imaging Center, opened 27 years ago in Cascavel, he was among the 62 occupants of the Voepass plane that crashed on Friday afternoon in Vinhedo (SP). Dr. Leonel \u2026 <a href=\"https:\/\/cbr.org.br\/en\/nota-de-falecimento-27\/\">Keep reading<\/a><\/p>","protected":false},"author":8,"featured_media":49446,"comment_status":"closed","ping_status":"closed","sticky":false,"template":"","format":"standard","meta":{"_acf_changed":false,"footnotes":""},"categories":[646],"tags":[50,665,111,666,33],"class_list":["post-49445","post","type-post","status-publish","format-standard","has-post-thumbnail","hentry","category-nota-de-falecimento","tag-cbr","tag-cbr_radiologia","tag-diagnostico-por-imagem","tag-medico-2","tag-radiologia-brasileira"],"acf":[],"_links":{"self":[{"href":"https:\/\/cbr.org.br\/en\/wp-json\/wp\/v2\/posts\/49445","targetHints":{"allow":["GET"]}}],"collection":[{"href":"https:\/\/cbr.org.br\/en\/wp-json\/wp\/v2\/posts"}],"about":[{"href":"https:\/\/cbr.org.br\/en\/wp-json\/wp\/v2\/types\/post"}],"author":[{"embeddable":true,"href":"https:\/\/cbr.org.br\/en\/wp-json\/wp\/v2\/users\/8"}],"replies":[{"embeddable":true,"href":"https:\/\/cbr.org.br\/en\/wp-json\/wp\/v2\/comments?post=49445"}],"version-history":[{"count":2,"href":"https:\/\/cbr.org.br\/en\/wp-json\/wp\/v2\/posts\/49445\/revisions"}],"predecessor-version":[{"id":49449,"href":"https:\/\/cbr.org.br\/en\/wp-json\/wp\/v2\/posts\/49445\/revisions\/49449"}],"wp:featuredmedia":[{"embeddable":true,"href":"https:\/\/cbr.org.br\/en\/wp-json\/wp\/v2\/media\/49446"}],"wp:attachment":[{"href":"https:\/\/cbr.org.br\/en\/wp-json\/wp\/v2\/media?parent=49445"}],"wp:term":[{"taxonomy":"category","embeddable":true,"href":"https:\/\/cbr.org.br\/en\/wp-json\/wp\/v2\/categories?post=49445"},{"taxonomy":"post_tag","embeddable":true,"href":"https:\/\/cbr.org.br\/en\/wp-json\/wp\/v2\/tags?post=49445"}],"curies":[{"name":"wp","href":"https:\/\/api.w.org\/{rel}","templated":true}]}}