{"id":17322,"date":"2017-04-07T15:23:18","date_gmt":"2017-04-07T18:23:18","guid":{"rendered":"https:\/\/cbr.org.br\/?p=17322"},"modified":"2022-05-10T17:07:34","modified_gmt":"2022-05-10T20:07:34","slug":"conheca-os-novos-coordenadores-das-comissoes-cbr","status":"publish","type":"post","link":"https:\/\/cbr.org.br\/es\/conheca-os-novos-coordenadores-das-comissoes-cbr\/","title":{"rendered":"Conoce a los nuevos coordinadores de las Comisiones de RBC"},"content":{"rendered":"<p>Con la inauguraci\u00f3n del nuevo directorio, el Colegio Brasile\u00f1o de Radiolog\u00eda y Diagn\u00f3stico por Im\u00e1genes (CBR) tambi\u00e9n gana nuevos coordinadores para sus Comisiones \u2013 en algunos casos, el profesional se mantiene y renueva su compromiso con el grupo.<br \/>\nLos socios que asumieron este a\u00f1o ser\u00e1n los responsables de la gesti\u00f3n de 2017 y 2018.<br \/>\nConoce a los profesionales que lideran cada \u00e1rea:<\/p>\n<p>\u2022 Comisi\u00f3n de Admisi\u00f3n y T\u00edtulo \u2013 Dr. T\u00falio Augusto Alves Macedo.<br \/>\n\u2022 Comit\u00e9 Cient\u00edfico \u2013 Dr. Dante Escuissato.<br \/>\n\u2022 Comisi\u00f3n de Docencia, Perfeccionamiento y Residencia M\u00e9dica \u2013 Dr. Rubens Chojniak.<br \/>\n\u2022 Comisi\u00f3n de Eventos \u2013 Dr. Antonio Carlos Matteoni de Athayde.<br \/>\n\u2022 Comit\u00e9 de Mamograf\u00eda \u2013 Dr. L\u00ednea Urbana.<br \/>\n\u2022 Comit\u00e9 de Resonancia Magn\u00e9tica \u2013 Dr. Marco Antonio Rocha Mello.<br \/>\n\u2022 Comit\u00e9 de Tomograf\u00eda Computarizada \u2013 Dr. Hilton Le\u00f3n.<br \/>\n\u2022 Comisi\u00f3n de Ultrasonograf\u00eda \u2013 Dr. Wagner Yared.<\/p>","protected":false},"excerpt":{"rendered":"<p>Con la inauguraci\u00f3n del nuevo directorio, el Colegio Brasile\u00f1o de Radiolog\u00eda y Diagn\u00f3stico por Im\u00e1genes (CBR) tambi\u00e9n gana nuevos coordinadores para sus Comisiones \u2013 en algunos casos, el profesional se mantiene y renueva su compromiso con el grupo. Los socios que asumieron este a\u00f1o ser\u00e1n los responsables de la gesti\u00f3n de 2017 y 2018. Conoce a los profesionales\u2026 <a href=\"https:\/\/cbr.org.br\/es\/conheca-os-novos-coordenadores-das-comissoes-cbr\/\">Sigue leyendo<\/a><\/p>","protected":false},"author":8,"featured_media":0,"comment_status":"open","ping_status":"open","sticky":false,"template":"","format":"standard","meta":{"_acf_changed":false,"footnotes":""},"categories":[10],"tags":[377,50,378,111,31,310,370,39,65,297,96,371,66,379,380,381,27],"class_list":["post-17322","post","type-post","status-publish","format-standard","hentry","category-institucional","tag-admissao","tag-cbr","tag-comissoes","tag-diagnostico-por-imagem","tag-educacao","tag-exame","tag-laudo","tag-mama","tag-medico","tag-qualidade","tag-radiologia","tag-radiologico","tag-radiologista","tag-ressonancia","tag-titulacao","tag-tomografia","tag-ultrassonografia"],"acf":[],"_links":{"self":[{"href":"https:\/\/cbr.org.br\/es\/wp-json\/wp\/v2\/posts\/17322","targetHints":{"allow":["GET"]}}],"collection":[{"href":"https:\/\/cbr.org.br\/es\/wp-json\/wp\/v2\/posts"}],"about":[{"href":"https:\/\/cbr.org.br\/es\/wp-json\/wp\/v2\/types\/post"}],"author":[{"embeddable":true,"href":"https:\/\/cbr.org.br\/es\/wp-json\/wp\/v2\/users\/8"}],"replies":[{"embeddable":true,"href":"https:\/\/cbr.org.br\/es\/wp-json\/wp\/v2\/comments?post=17322"}],"version-history":[{"count":1,"href":"https:\/\/cbr.org.br\/es\/wp-json\/wp\/v2\/posts\/17322\/revisions"}],"predecessor-version":[{"id":41456,"href":"https:\/\/cbr.org.br\/es\/wp-json\/wp\/v2\/posts\/17322\/revisions\/41456"}],"wp:attachment":[{"href":"https:\/\/cbr.org.br\/es\/wp-json\/wp\/v2\/media?parent=17322"}],"wp:term":[{"taxonomy":"category","embeddable":true,"href":"https:\/\/cbr.org.br\/es\/wp-json\/wp\/v2\/categories?post=17322"},{"taxonomy":"post_tag","embeddable":true,"href":"https:\/\/cbr.org.br\/es\/wp-json\/wp\/v2\/tags?post=17322"}],"curies":[{"name":"wp","href":"https:\/\/api.w.org\/{rel}","templated":true}]}}