{"id":17509,"date":"2017-04-28T14:17:43","date_gmt":"2017-04-28T17:17:43","guid":{"rendered":"https:\/\/cbr.org.br\/?p=17509"},"modified":"2022-05-10T17:12:06","modified_gmt":"2022-05-10T20:12:06","slug":"especialistas-em-radiologia-mamaria-enriquecem-cbr-17","status":"publish","type":"post","link":"https:\/\/cbr.org.br\/es\/especialistas-em-radiologia-mamaria-enriquecem-cbr-17\/","title":{"rendered":"Especialistas en radiolog\u00eda mamaria enriquecen CBR 17"},"content":{"rendered":"<p>Entre el 12 y el 14 de octubre se realizar\u00e1 el CBR 17 \u2013 Congreso Brasile\u00f1o de Radiolog\u00eda, evento anual organizado por el Colegio Brasile\u00f1o de Radiolog\u00eda e Im\u00e1genes de Diagn\u00f3stico (CBR). Nuevamente, ser\u00e1 en Curitiba (PR), en el Centro de Convenciones Expo Unimed. Las inscripciones se abrir\u00e1n pronto.<\/p>\n<p>El contenido del evento contar\u00e1 con varias novedades \u2013 habr\u00e1 la inclusi\u00f3n de temas que no formaban parte de ediciones anteriores, como Radiolog\u00eda Pedi\u00e1trica y Defensa Profesional. Sin embargo, uno de los grandes avances se dar\u00e1 en el curso de Mama, gracias a una alianza que la Comisi\u00f3n de Mamograf\u00eda de CBR ha realizado con la Sociedad Iberoamericana de Imagen Mamaria (SIBIM), tendr\u00e1 un impacto real en el horario de clases. .<\/p>\n<p>\u201cSIBIM es una sociedad m\u00e9dico-cient\u00edfica cuyo objetivo es reunir a los m\u00e9dicos especialistas en radiolog\u00eda mamaria de los pa\u00edses de Am\u00e9rica Latina, as\u00ed como contribuir al mejoramiento del nivel cient\u00edfico y educativo del diagn\u00f3stico por imagen e intervenci\u00f3n mamaria, en todas sus vertientes. \u201d, explica la Dra. Linei Urban, coordinadora de la Comisi\u00f3n de Mamograf\u00eda y una de las responsables de negociar la asociaci\u00f3n.<\/p>\n<p>Con la alianza, SIBIM trae, simult\u00e1neamente al CBR 17, su XI Congreso Iberoamericano de Imagen de Mama. Recuerda que varios pa\u00edses ya han sido sede de su congreso, siendo los m\u00e1s recientes Ecuador (2014), Rep\u00fablica Dominicana (2015) y Uruguay (2016). Sus idiomas oficiales son el portugu\u00e9s y el espa\u00f1ol, recibiendo habitualmente a m\u00e1s de 300 participantes.<\/p>\n<p>\u201cBrasil ya ha estado participando activamente en estos eventos. Pero este a\u00f1o tendremos el privilegio de ser el pa\u00eds anfitri\u00f3n. Ya tenemos confirmados varios nombres de ponentes internacionales, como los doctores Melcior Sent\u00eds (Espa\u00f1a), Javier Rodr\u00edguez Lucero (Argentina), Ruby Espejo (M\u00e9xico), Javeir Romero (Colombia) y Miguel Pinochet (Chile)\u201d, dice.<\/p>\n<p>Dr. Dante Luiz Escuissato, director cient\u00edfico de la CBR, cree que, debido a esa alianza, entre nueve y diez ponentes deber\u00edan venir a Brasil para el Congreso. Se\u00f1ala que \u201clos congresos m\u00e9dicos son un punto de convergencia para la especialidad y es en ellos que se presentan las novedades t\u00e9cnicas y cient\u00edficas\u201d.<\/p>\n<p>Los principales temas abordados ser\u00e1n los patrones de presentaci\u00f3n de las lesiones en las diversas pruebas de imagen mamaria, adem\u00e1s de discusiones sobre t\u00e9cnicas intervencionistas, uso de BI-RADS\u00ae y correlaci\u00f3n anatomopatol\u00f3gica. Tambi\u00e9n habr\u00e1 una sesi\u00f3n sobre seguridad en el uso de nuevas tecnolog\u00edas y contrastes y mamas. \u201c\u00a1Contamos con la presencia de todos!\u201d, invita el Dr. Linei.<\/p>\n<p><strong>M\u00e1s informaci\u00f3n sobre SIBIM<\/strong><\/p>\n<p>La Sociedad Iberoamericana de Imagen Mamaria (SIBIM \u2013 <a href=\"http:\/\/sibim.org\/\">http:\/\/sibim.org\/<\/a>) fue creado en 2005, a petici\u00f3n de un grupo de radi\u00f3logos espa\u00f1oles, en convenio con el Colegio Interamericano de Radiolog\u00eda (CIR), con el objetivo de representar el entorno geogr\u00e1fico, cultural y cient\u00edfico iberoamericano en todo su \u00e1mbito social, temas asistenciales, docencia e investigaci\u00f3n relacionados con el diagn\u00f3stico e intervenci\u00f3n mamaria.<\/p>\n<p>Su objetivo es reunir a m\u00e9dicos especialistas en Radiolog\u00eda diagn\u00f3stica de pa\u00edses de Latinoam\u00e9rica y Espa\u00f1a, y fomentar el desarrollo del Diagn\u00f3stico por la Imagen y el Intervencionismo Mamario, en todas sus vertientes.<\/p>\n<p>La SIBIM analiza la cuesti\u00f3n de los derechos y deberes de los radi\u00f3logos dedicados al \u00e1rea y propone lineamientos a otras sociedades e instituciones cient\u00edficas. Tambi\u00e9n pretende contribuir a la mejora del nivel cient\u00edfico y promover las relaciones con otras especialidades, asociaciones, sociedades y organismos nacionales e internacionales relacionados con el \u00e1rea de inter\u00e9s.<\/p>","protected":false},"excerpt":{"rendered":"<p>Entre el 12 y el 14 de octubre se realizar\u00e1 el CBR 17 \u2013 Congreso Brasile\u00f1o de Radiolog\u00eda, evento anual organizado por el Colegio Brasile\u00f1o de Radiolog\u00eda e Im\u00e1genes de Diagn\u00f3stico (CBR). Nuevamente, ser\u00e1 en Curitiba (PR), en el Centro de Convenciones Expo Unimed. Las inscripciones se abrir\u00e1n pronto. El contenido del evento contar\u00e1 con varios... <a href=\"https:\/\/cbr.org.br\/es\/especialistas-em-radiologia-mamaria-enriquecem-cbr-17\/\">Sigue leyendo<\/a><\/p>","protected":false},"author":8,"featured_media":0,"comment_status":"open","ping_status":"open","sticky":false,"template":"","format":"standard","meta":{"_acf_changed":false,"footnotes":""},"categories":[491,10,1],"tags":[50,398,80,111,310,370,39,399,65,96,371,66],"class_list":["post-17509","post","type-post","status-publish","format-standard","hentry","category-cbr-educa","category-institucional","category-sem-categoria","tag-cbr","tag-cbr2017","tag-congresso","tag-diagnostico-por-imagem","tag-exame","tag-laudo","tag-mama","tag-mamaria","tag-medico","tag-radiologia","tag-radiologico","tag-radiologista"],"acf":[],"_links":{"self":[{"href":"https:\/\/cbr.org.br\/es\/wp-json\/wp\/v2\/posts\/17509","targetHints":{"allow":["GET"]}}],"collection":[{"href":"https:\/\/cbr.org.br\/es\/wp-json\/wp\/v2\/posts"}],"about":[{"href":"https:\/\/cbr.org.br\/es\/wp-json\/wp\/v2\/types\/post"}],"author":[{"embeddable":true,"href":"https:\/\/cbr.org.br\/es\/wp-json\/wp\/v2\/users\/8"}],"replies":[{"embeddable":true,"href":"https:\/\/cbr.org.br\/es\/wp-json\/wp\/v2\/comments?post=17509"}],"version-history":[{"count":1,"href":"https:\/\/cbr.org.br\/es\/wp-json\/wp\/v2\/posts\/17509\/revisions"}],"predecessor-version":[{"id":41460,"href":"https:\/\/cbr.org.br\/es\/wp-json\/wp\/v2\/posts\/17509\/revisions\/41460"}],"wp:attachment":[{"href":"https:\/\/cbr.org.br\/es\/wp-json\/wp\/v2\/media?parent=17509"}],"wp:term":[{"taxonomy":"category","embeddable":true,"href":"https:\/\/cbr.org.br\/es\/wp-json\/wp\/v2\/categories?post=17509"},{"taxonomy":"post_tag","embeddable":true,"href":"https:\/\/cbr.org.br\/es\/wp-json\/wp\/v2\/tags?post=17509"}],"curies":[{"name":"wp","href":"https:\/\/api.w.org\/{rel}","templated":true}]}}