{"id":17543,"date":"2017-05-05T14:17:06","date_gmt":"2017-05-05T17:17:06","guid":{"rendered":"https:\/\/cbr.org.br\/?p=17543"},"modified":"2025-03-10T14:51:23","modified_gmt":"2025-03-10T17:51:23","slug":"curso-esor-aims-foca-em-emergencias-radiologicas","status":"publish","type":"post","link":"https:\/\/cbr.org.br\/es\/curso-esor-aims-foca-em-emergencias-radiologicas\/","title":{"rendered":"Curso ESOR AIMS se enfoca en emergencias radiol\u00f3gicas"},"content":{"rendered":"<p><a href=\"https:\/\/cbr.org.br\/wp-content\/uploads\/2013\/08\/ESOR_Eule_rot_Slogan.jpg\"><img fetchpriority=\"high\" decoding=\"async\" class=\"alignleft size-medium wp-image-3836\" src=\"https:\/\/cbr.org.br\/wp-content\/uploads\/2013\/08\/ESOR_Eule_rot_Slogan-198x273.jpg\" alt=\"ESOR_Eule_rot_Slogan\" width=\"198\" height=\"273\" \/><\/a>El a\u00f1o 2017 marca la s\u00e9ptima edici\u00f3n del Curso ESOR AIMS en Brasil. La novedad del evento realizado a trav\u00e9s de la asociaci\u00f3n entre el Colegio Brasile\u00f1o de Radiolog\u00eda e Im\u00e1genes de Diagn\u00f3stico (CBR) y la Escuela Europea de Radiolog\u00eda (ESOR), instituci\u00f3n educativa vinculada a la Sociedad Europea de Radiolog\u00eda (ESR), ser\u00e1 el tema: por primera vez, las clases abordar\u00e1n Emergencias Radiol\u00f3gicas.<\/p>\n<p>\u201cEs un tema candente en este momento, que interesa a muchos profesionales, ya que muchos trabajan en hospitales y tienen que lidiar con emergencias en sus rutinas\u201d, dice el coordinador nacional del curso, Dr. Luciana Costa Silva (MG). \u201cSer\u00e1n atendidos desde urgencias neurol\u00f3gicas, como traumatismos del sistema nervioso central [SNC], hasta urgencias de s\u00edndromes a\u00f3rticos agudos, que son urgencias vasculares. Entonces, tendremos un enfoque muy amplio, pero siempre centrado en las urgencias, que interesan no solo a los radi\u00f3logos avanzados, sino tambi\u00e9n a los radi\u00f3logos generales\u201d, a\u00f1ade.<\/p>\n<p>El curso tendr\u00e1 lugar los d\u00edas 25 y 26 de agosto, en la Associa\u00e7\u00e3o M\u00e9dica de Minas Gerais, en Belo Horizonte (MG). \u201cEs una ciudad de f\u00e1cil acceso para quienes parten de diferentes puntos del pa\u00eds, ya que cuenta con una red a\u00e9rea muy amplia\u201d, recuerda el Dr. luciana El responsable de la coordinaci\u00f3n local ser\u00e1 el Dr. Cibele Carvalho (MG), presidenta de la Sociedad de Radiolog\u00eda y Diagn\u00f3stico por Imagen de Minas Gerais (SRMG) y directora de Defensa Profesional de la CBR.<\/p>\n<p>Los miembros actuales del Colegio y ESR pueden registrarse hasta el 10 de junio. Posteriormente, si a\u00fan quedan plazas disponibles, los no socios tambi\u00e9n podr\u00e1n inscribirse, siempre a trav\u00e9s de la web <a href=\"http:\/\/www.cursoesor.com.br\/\">http:\/\/www.cursoesor.com.br<\/a>. Es importante resaltar que el n\u00famero est\u00e1 limitado a 90 participantes y que el idioma oficial es el ingl\u00e9s, sin traducci\u00f3n simult\u00e1nea.<\/p>\n<p>\u201cEste a\u00f1o el curso tendr\u00e1 un formato un poco diferente: ser\u00e1n dos d\u00edas completos, con doce clases te\u00f3ricas y doce <em>Talleres de trabajo<\/em> en lugar de nueve, y dos clases por cada docente europeo en lugar de uno\u201d, explica el coordinador de ESOR en Brasil. Los siempre elogiados talleres tendr\u00e1n lugar, como es habitual, despu\u00e9s de las clases te\u00f3ricas, dividi\u00e9ndose los participantes en tres grupos de hasta 30 integrantes para discutir casos cl\u00ednicos del d\u00eda a d\u00eda relacionados con cada tema.<\/p>\n<p>Quienes asistan al curso tendr\u00e1n la oportunidad de seguir una revisi\u00f3n en profundidad y actualizaci\u00f3n sobre aspectos relevantes del Diagn\u00f3stico por Imagen de las urgencias traum\u00e1ticas y no traum\u00e1ticas m\u00e1s importantes, incluyendo traumatismo craneoencef\u00e1lico y accidente cerebrovascular, urgencias de cabeza y cuello, traumatismo tor\u00e1cico y pulmonar. embolismo, s\u00edndrome a\u00f3rtico agudo, abdomen agudo, isquemia mesent\u00e9rica, emergencia de pelvis femenina, trauma abdominal pedi\u00e1trico y lesiones deportivas.<\/p>\n<p>Entre las principales caracter\u00edsticas de la <a href=\"http:\/\/hypenews.net\/c\/concursos-publicos\/\" title=\"Cursos y Licitaciones P\u00fablicas\" target=\"_blank\" style=\"color:#000;\" rel=\"noopener\">curso<\/a> est\u00e1n evaluando el potencial de las im\u00e1genes avanzadas en el manejo cl\u00ednico de las lesiones traum\u00e1ticas, revisando las estrategias y los criterios de im\u00e1genes actuales disponibles en la detecci\u00f3n y caracterizaci\u00f3n de las afecciones abdominales agudas, y abordando preguntas cl\u00ednicas importantes que deben responderse para optimizar el manejo de los pacientes con lesiones agudas. problemas de pecho<\/p>\n<p><strong>Altavoces<\/strong><\/p>\n<p>\u201cTendremos grandes profesores brasile\u00f1os, cada uno en su \u00e1rea espec\u00edfica\u201d, destaca el Dr. luciana los doctores Ademar Paes Junior (SC), director de la Asociaci\u00f3n Brasile\u00f1a de Cl\u00ednicas de Diagn\u00f3stico por Imagen (ABCDI) y especialista en Cabeza y Cuello; Conrado Cavalcanti (SP), coordinador del Programa de Acreditaci\u00f3n en Imagen Diagn\u00f3stica (PADI) y especialista en Musculoesquel\u00e9tico; Dante Escuissato (PR), director cient\u00edfico de CBR y especialista en el campo del T\u00f3rax; y Alice Brand\u00e3o, especialista en Medicina Interna.<\/p>\n<p>Adem\u00e1s, el curso contar\u00e1 con ponentes internacionales de renombre, como el Dr. Marc Zins (Francia), que trabaja en la <em>Hospital de Par\u00eds Saint Joseph<\/em> y es <em>miembro en general<\/em> de la Sociedad Europea de Radiolog\u00eda Gastrointestinal y Abdominal (Esgar). \u201cEs un reconocido profesional en el campo de la radiolog\u00eda abdominal. Hablar\u00e1 sobre isquemia mesent\u00e9rica y abdomen agudo\u201d, informa el Dr. luciana<\/p>\n<p>Ya la Dra. Maja Thurnher (croata que trabaja en Austria), expresidenta de la Sociedad Europea de Neurorradiolog\u00eda (ESNR), regresa a Brasil para el evento despu\u00e9s de su participaci\u00f3n en 2015. \u201cEs una de las neurorradi\u00f3logas m\u00e1s influyentes de Europa\u201d, exalta la coordinadora del curso. .<\/p>\n<p>Otros nombres ser\u00e1n Dr. Cristian Lowe (Austria), del \u00e1rea de Radiolog\u00eda Cardiovascular, y el Dr. Maria Raissaki (Grecia), radi\u00f3loga pedi\u00e1trica que abordar\u00e1 traumatismos y urgencias abdominales traum\u00e1ticas y no traum\u00e1ticas en ni\u00f1os.<\/p>","protected":false},"excerpt":{"rendered":"<p>El a\u00f1o 2017 marca la s\u00e9ptima edici\u00f3n del Curso ESOR AIMS en Brasil. La novedad del evento realizado a trav\u00e9s de la asociaci\u00f3n entre el Colegio Brasile\u00f1o de Radiolog\u00eda e Im\u00e1genes de Diagn\u00f3stico (CBR) y la Escuela Europea de Radiolog\u00eda (ESOR), instituci\u00f3n educativa vinculada a la Sociedad Europea de Radiolog\u00eda (ESR), ser\u00e1 el tema: por primera\u2026 <a href=\"https:\/\/cbr.org.br\/es\/curso-esor-aims-foca-em-emergencias-radiologicas\/\">Sigue leyendo<\/a><\/p>","protected":false},"author":8,"featured_media":3836,"comment_status":"closed","ping_status":"closed","sticky":false,"template":"","format":"standard","meta":{"_acf_changed":false,"footnotes":""},"categories":[18],"tags":[404,50,111,405,67,310,370,65,96,371,66],"class_list":["post-17543","post","type-post","status-publish","format-standard","has-post-thumbnail","hentry","category-parcerias-internacional","tag-aims","tag-cbr","tag-diagnostico-por-imagem","tag-emergencias-radiologicas","tag-esor","tag-exame","tag-laudo","tag-medico","tag-radiologia","tag-radiologico","tag-radiologista"],"acf":[],"_links":{"self":[{"href":"https:\/\/cbr.org.br\/es\/wp-json\/wp\/v2\/posts\/17543","targetHints":{"allow":["GET"]}}],"collection":[{"href":"https:\/\/cbr.org.br\/es\/wp-json\/wp\/v2\/posts"}],"about":[{"href":"https:\/\/cbr.org.br\/es\/wp-json\/wp\/v2\/types\/post"}],"author":[{"embeddable":true,"href":"https:\/\/cbr.org.br\/es\/wp-json\/wp\/v2\/users\/8"}],"replies":[{"embeddable":true,"href":"https:\/\/cbr.org.br\/es\/wp-json\/wp\/v2\/comments?post=17543"}],"version-history":[{"count":1,"href":"https:\/\/cbr.org.br\/es\/wp-json\/wp\/v2\/posts\/17543\/revisions"}],"predecessor-version":[{"id":50800,"href":"https:\/\/cbr.org.br\/es\/wp-json\/wp\/v2\/posts\/17543\/revisions\/50800"}],"wp:featuredmedia":[{"embeddable":true,"href":"https:\/\/cbr.org.br\/es\/wp-json\/"}],"wp:attachment":[{"href":"https:\/\/cbr.org.br\/es\/wp-json\/wp\/v2\/media?parent=17543"}],"wp:term":[{"taxonomy":"category","embeddable":true,"href":"https:\/\/cbr.org.br\/es\/wp-json\/wp\/v2\/categories?post=17543"},{"taxonomy":"post_tag","embeddable":true,"href":"https:\/\/cbr.org.br\/es\/wp-json\/wp\/v2\/tags?post=17543"}],"curies":[{"name":"wp","href":"https:\/\/api.w.org\/{rel}","templated":true}]}}