{"id":17637,"date":"2017-05-12T17:47:19","date_gmt":"2017-05-12T20:47:19","guid":{"rendered":"https:\/\/cbr.org.br\/?p=17637"},"modified":"2025-03-10T11:49:41","modified_gmt":"2025-03-10T14:49:41","slug":"visite-estande-do-padi-na-feira-hospitalar-na-proxima-semana","status":"publish","type":"post","link":"https:\/\/cbr.org.br\/es\/visite-estande-do-padi-na-feira-hospitalar-na-proxima-semana\/","title":{"rendered":"Visita el stand de Padi en la Feria Hospitalar la pr\u00f3xima semana"},"content":{"rendered":"<p><a href=\"https:\/\/cbr.org.br\/wp-content\/uploads\/2017\/02\/Logo-Padi-preferencial.jpg\"><img decoding=\"async\" class=\"alignleft size-full wp-image-16729\" src=\"https:\/\/cbr.org.br\/wp-content\/uploads\/2017\/02\/Logo-Padi-preferencial.jpg\" alt=\"Logo Padi_preferencial\" width=\"147\" height=\"162\" \/><\/a>A trav\u00e9s de su Programa de Acreditaci\u00f3n de Diagn\u00f3stico por Im\u00e1genes (PADI), el Colegio Brasile\u00f1o de Radiolog\u00eda (CBR) estar\u00e1 representado en el 24\u00ba Evento Internacional de Soluciones, Productos, Servicios, Tecnolog\u00eda, Innovaciones y Equipamientos para la Cadena de Salud, m\u00e1s conocida como Feria Hospitalaria , que recibi\u00f3 alrededor de 90.000 personas en 2016.<\/p>\n<p>El evento se realizar\u00e1 entre los d\u00edas 16 y 19 de mayo, de 11:00 a 20:00 horas, en el Expo Center Norte, en S\u00e3o Paulo (SP). Los visitantes de la feria pueden obtener m\u00e1s informaci\u00f3n sobre Padi en el stand 14-182. Se puede obtener m\u00e1s informaci\u00f3n en el sitio web: <a href=\"http:\/\/www.hospitalar.com\/pt\">http:\/\/www.hospitalar.com\/pt<\/a>. \u00a1Participar!<\/p>","protected":false},"excerpt":{"rendered":"<p>A trav\u00e9s de su Programa de Acreditaci\u00f3n de Diagn\u00f3stico por Imagen (PADI), el Colegio Brasile\u00f1o de Radiolog\u00eda (CBR) estar\u00e1 representado en el 24\u00ba Evento Internacional de Soluciones, Productos, Servicios, Tecnolog\u00eda, Innovaciones y Equipamientos para la Cadena de Salud, m\u00e1s conocido como Feria Hospitalaria, que recibi\u00f3 alrededor de 90.000 personas en 2016. El evento se llevar\u00e1 a cabo \u2026 <a href=\"https:\/\/cbr.org.br\/es\/visite-estande-do-padi-na-feira-hospitalar-na-proxima-semana\/\">Sigue leyendo<\/a><\/p>","protected":false},"author":8,"featured_media":16729,"comment_status":"closed","ping_status":"closed","sticky":false,"template":"","format":"standard","meta":{"_acf_changed":false,"footnotes":""},"categories":[689,8],"tags":[50,111,310,412,413,370,65,137,297,96,371,66],"class_list":["post-17637","post","type-post","status-publish","format-standard","has-post-thumbnail","hentry","category-padi","category-qualidade","tag-cbr","tag-diagnostico-por-imagem","tag-exame","tag-feira","tag-hospitalar","tag-laudo","tag-medico","tag-padi","tag-qualidade","tag-radiologia","tag-radiologico","tag-radiologista"],"acf":[],"_links":{"self":[{"href":"https:\/\/cbr.org.br\/es\/wp-json\/wp\/v2\/posts\/17637","targetHints":{"allow":["GET"]}}],"collection":[{"href":"https:\/\/cbr.org.br\/es\/wp-json\/wp\/v2\/posts"}],"about":[{"href":"https:\/\/cbr.org.br\/es\/wp-json\/wp\/v2\/types\/post"}],"author":[{"embeddable":true,"href":"https:\/\/cbr.org.br\/es\/wp-json\/wp\/v2\/users\/8"}],"replies":[{"embeddable":true,"href":"https:\/\/cbr.org.br\/es\/wp-json\/wp\/v2\/comments?post=17637"}],"version-history":[{"count":1,"href":"https:\/\/cbr.org.br\/es\/wp-json\/wp\/v2\/posts\/17637\/revisions"}],"predecessor-version":[{"id":50793,"href":"https:\/\/cbr.org.br\/es\/wp-json\/wp\/v2\/posts\/17637\/revisions\/50793"}],"wp:featuredmedia":[{"embeddable":true,"href":"https:\/\/cbr.org.br\/es\/wp-json\/"}],"wp:attachment":[{"href":"https:\/\/cbr.org.br\/es\/wp-json\/wp\/v2\/media?parent=17637"}],"wp:term":[{"taxonomy":"category","embeddable":true,"href":"https:\/\/cbr.org.br\/es\/wp-json\/wp\/v2\/categories?post=17637"},{"taxonomy":"post_tag","embeddable":true,"href":"https:\/\/cbr.org.br\/es\/wp-json\/wp\/v2\/tags?post=17637"}],"curies":[{"name":"wp","href":"https:\/\/api.w.org\/{rel}","templated":true}]}}