{"id":17696,"date":"2017-05-19T16:25:15","date_gmt":"2017-05-19T19:25:15","guid":{"rendered":"https:\/\/cbr.org.br\/?p=17696"},"modified":"2025-03-10T11:46:06","modified_gmt":"2025-03-10T14:46:06","slug":"toma-posse-nova-diretoria-da-sociedade-de-minas-gerais","status":"publish","type":"post","link":"https:\/\/cbr.org.br\/es\/toma-posse-nova-diretoria-da-sociedade-de-minas-gerais\/","title":{"rendered":"Toma posesi\u00f3n nueva junta directiva de la Sociedad de Minas Gerais"},"content":{"rendered":"<figure id=\"attachment_17719\" aria-describedby=\"caption-attachment-17719\" style=\"width: 410px\" class=\"wp-caption alignleft\"><a href=\"https:\/\/cbr.org.br\/wp-content\/uploads\/2017\/05\/074.jpg\"><img fetchpriority=\"high\" decoding=\"async\" class=\"wp-image-17719 size-medium\" src=\"https:\/\/cbr.org.br\/wp-content\/uploads\/2017\/05\/074-410x273.jpg\" alt=\"074\" width=\"410\" height=\"273\" \/><\/a><figcaption id=\"caption-attachment-17719\" class=\"wp-caption-text\">Sergio Andrade, Antonio Cioffi, Fernando Mendon\u00e7a, Gabriel de Almeida, Samuel Flam, Manoel Rocha, Cibele Carvalho, Ronaldo Lins, F\u00e1bio Guerra, Hermann Von Tiesenhausen y Heli Freitas<\/figcaption><\/figure>\n<p>El 12 de mayo, en la Asociaci\u00f3n M\u00e9dica de Minas Gerais (AMMG), en Belo Horizonte (MG), fue juramentada la nueva directiva de la Sociedad de Radiolog\u00eda y Diagn\u00f3stico por Im\u00e1genes de Minas Gerais (SRMG). Dr. Cibele Alves de Carvalho, quien tambi\u00e9n es directora de Defensa Profesional del Colegio Brasile\u00f1o de Radiolog\u00eda y Diagn\u00f3stico por Im\u00e1genes (CBR), fue reelecta presidenta de la entidad de Minas Gerais y permanecer\u00e1 en el cargo por otros tres a\u00f1os (2020).<\/p>\n<p>En su discurso de toma de posesi\u00f3n record\u00f3 la fundaci\u00f3n de la entonces SRM en 1967, que tuvo como primer presidente al Dr. Javert de Barros. Adem\u00e1s, resalt\u00f3 los cambios tecnol\u00f3gicos desde entonces y las diversas especialidades dentro de la Radiolog\u00eda y el Diagn\u00f3stico por Imagen, pero reiter\u00f3 que \u201cnuestro Acto M\u00e9dico no es el acto de la m\u00e1quina, y nuestro principal objetivo es cuidar de la mejor manera posible a nuestro paciente\u201d. camino\u201d.<\/p>\n<p>A la ceremonia asistieron miembros de la SRMG y varias autoridades en el campo m\u00e9dico: el presidente de la CBR, Dr. Manoel de Souza Rocha; el medico Hermann Alexandre Vivacqua Von Tiesenhausen, Consejero Federal, en representaci\u00f3n del Dr. Carlos Vital, presidente del Consejo Federal de Medicina (CFM); el medico Fabio Augusto de Castro Guerra, presidente del Consejo Regional de Medicina de Minas Gerais (CRM-MG); doctor Gabriel de Almeida Silva Junior, Vicepresidente de AMMG, en representaci\u00f3n del Dr. Lincoln Lopes Ferreira, presidente de AMMG; el medico Fernando Luiz Mendon\u00e7a, presidente del Sindicato de M\u00e9dicos de Minas Gerais; doctor Samuel Flam, presidente de Unimed-BH; doctor Sergio Ribeiro Andrade, presidente de la Cooperativa de M\u00e9dicos de Diagn\u00f3stico por Im\u00e1genes de Minas Gerais; doctor Antonio Carlos Cioffi, presidente de la Federaci\u00f3n Nacional de Cooperativas M\u00e9dicas (Fencom); doctor Ronaldo Magalh\u00e3es Lins, Vicepresidente Sureste de CBR; Dr. Heli Teodomiro de Paula Freitas, miembro del Consejo Asesor de SRMG y expresidente de la Sociedad.<\/p>\n<p>Vea la l\u00ednea completa de la nueva placa SRMG:<\/p>\n<p><a href=\"https:\/\/cbr.org.br\/wp-content\/uploads\/2017\/05\/116.jpg\"><img decoding=\"async\" class=\"alignleft size-medium wp-image-17720\" src=\"https:\/\/cbr.org.br\/wp-content\/uploads\/2017\/05\/116-410x273.jpg\" alt=\"116\" width=\"410\" height=\"273\" \/><\/a><\/p>\n<p><strong>Presidente:<\/strong> Cibeles Alves de Carvalho<\/p>\n<p><strong>Vicepresidente de Radiodiagn\u00f3stico:<\/strong> Hilma Regina Lobato Asistente<\/p>\n<p><strong>Vicepresidente de Ultrasonido:<\/strong> Benito P\u00edo Vittorio Ceccato Junior<\/p>\n<p><strong>Vicepresidente de Tomograf\u00eda Computarizada:<\/strong> Federico Guimar\u00e3es de Abreu Braga<\/p>\n<p><strong>Vicepresidente de Resonancia Magn\u00e9tica:<\/strong> Wilson Campos Tavares J\u00fanior<\/p>\n<p><strong>Vicepresidente de Medicina Nuclear:<\/strong> Carla Flavia de Lima<\/p>\n<p><strong>Vicepresidente de Densitometr\u00eda \u00d3sea:<\/strong> Bruno Muzzi Camargos<\/p>\n<p><strong>Vicepresidente de la Regi\u00f3n Sur:<\/strong> Augusto Castelli Von Atzingen<\/p>\n<p><strong>Vicepresidente de la Regi\u00f3n Vale do A\u00e7o:<\/strong> Peterson Azevedo Fern\u00e1ndez<\/p>\n<p><strong>Vicepresidente de la Regi\u00f3n de Montes Claros:<\/strong> Cristiane Turano Mota Malveira<\/p>\n<p><strong>Vicepresidente de la Regi\u00f3n Nordeste:<\/strong> Federico de Paula Pinheiro<\/p>\n<p><strong>Vicepresidente de la Regi\u00f3n Noroeste:<\/strong> Tais Netto Silva Mendon\u00e7a de Azevedo<\/p>\n<p><strong>Vicepresidente de Zona da Mata:<\/strong> Leonardo L\u00f3pez de Macedo<\/p>\n<p><strong>Vicepresidente de Tri\u00e2ngulo Mineiro:<\/strong> Luis Ronan M\u00e1rquez Ferreira de Souza<\/p>\n<p><strong>Vicepresidente de Belo Horizonte:<\/strong> Ra\u00fal Silva Filho<\/p>\n<p><strong>Tesorero General:<\/strong> Mar\u00eda de F\u00e1tima Lobato Vilaca<\/p>\n<p><strong>Tesorero Adjunto:<\/strong> Marcell de Barros Duarte Pereira<\/p>\n<p><strong>Secretario general:<\/strong> Henri Am\u00e9d\u00e9e Peret<\/p>\n<p><strong>Subsecretario:<\/strong> Campa\u00f1a relativa a Crassus<\/p>\n<p><strong>Director cient\u00edfico:<\/strong> Rogerio Augusto Pinto da Silva<\/p>\n<p><strong>Director Social:<\/strong> Thais Abreu de Castro<\/p>\n<p><strong>Editor de Radius Journal:<\/strong> Te\u00f3filo Eduardo de Abreu Pires<\/p>\n<p><strong>Coordinador del Curso de Perfeccionamiento:<\/strong> Claudia Juliana de Rezende<\/p>\n<p><strong>Director de Defensa Profesional:<\/strong> sergio ribeiro andrade<\/p>\n<p><strong>Representante de los residentes:<\/strong> Geisa Oliveira Ribeiro<\/p>\n<p><strong>Consejo Consultivo:<\/strong> Heli Teodomiro de Paula Freitas, Am\u00edlcar Mosci y Reginaldo Figueiredo<\/p>\n\n\n<p><\/p>","protected":false},"excerpt":{"rendered":"<p>El 12 de mayo, en la Asociaci\u00f3n M\u00e9dica de Minas Gerais (AMMG), en Belo Horizonte (MG), fue juramentada la nueva directiva de la Sociedad de Radiolog\u00eda y Diagn\u00f3stico por Im\u00e1genes de Minas Gerais (SRMG). Dr. Cibele Alves de Carvalho, quien tambi\u00e9n es directora de Defensa Profesional del Colegio Brasile\u00f1o de Radiolog\u00eda y Diagn\u00f3stico por Im\u00e1genes\u2026 <a href=\"https:\/\/cbr.org.br\/es\/toma-posse-nova-diretoria-da-sociedade-de-minas-gerais\/\">Sigue leyendo<\/a><\/p>","protected":false},"author":8,"featured_media":17720,"comment_status":"closed","ping_status":"closed","sticky":false,"template":"","format":"standard","meta":{"_acf_changed":false,"footnotes":""},"categories":[16],"tags":[50,111,300,310,370,65,220,96,371,66],"class_list":["post-17696","post","type-post","status-publish","format-standard","has-post-thumbnail","hentry","category-sociedades-estaduais","tag-cbr","tag-diagnostico-por-imagem","tag-diretoria","tag-exame","tag-laudo","tag-medico","tag-minas-gerais","tag-radiologia","tag-radiologico","tag-radiologista"],"acf":[],"_links":{"self":[{"href":"https:\/\/cbr.org.br\/es\/wp-json\/wp\/v2\/posts\/17696","targetHints":{"allow":["GET"]}}],"collection":[{"href":"https:\/\/cbr.org.br\/es\/wp-json\/wp\/v2\/posts"}],"about":[{"href":"https:\/\/cbr.org.br\/es\/wp-json\/wp\/v2\/types\/post"}],"author":[{"embeddable":true,"href":"https:\/\/cbr.org.br\/es\/wp-json\/wp\/v2\/users\/8"}],"replies":[{"embeddable":true,"href":"https:\/\/cbr.org.br\/es\/wp-json\/wp\/v2\/comments?post=17696"}],"version-history":[{"count":1,"href":"https:\/\/cbr.org.br\/es\/wp-json\/wp\/v2\/posts\/17696\/revisions"}],"predecessor-version":[{"id":50789,"href":"https:\/\/cbr.org.br\/es\/wp-json\/wp\/v2\/posts\/17696\/revisions\/50789"}],"wp:featuredmedia":[{"embeddable":true,"href":"https:\/\/cbr.org.br\/es\/wp-json\/"}],"wp:attachment":[{"href":"https:\/\/cbr.org.br\/es\/wp-json\/wp\/v2\/media?parent=17696"}],"wp:term":[{"taxonomy":"category","embeddable":true,"href":"https:\/\/cbr.org.br\/es\/wp-json\/wp\/v2\/categories?post=17696"},{"taxonomy":"post_tag","embeddable":true,"href":"https:\/\/cbr.org.br\/es\/wp-json\/wp\/v2\/tags?post=17696"}],"curies":[{"name":"wp","href":"https:\/\/api.w.org\/{rel}","templated":true}]}}