{"id":17786,"date":"2017-05-26T15:38:58","date_gmt":"2017-05-26T18:38:58","guid":{"rendered":"https:\/\/cbr.org.br\/?p=17786"},"modified":"2025-03-18T11:59:08","modified_gmt":"2025-03-18T14:59:08","slug":"cir-oferece-bolsas-para-radiologistas-em-diversas-subespecialidades","status":"publish","type":"post","link":"https:\/\/cbr.org.br\/es\/cir-oferece-bolsas-para-radiologistas-em-diversas-subespecialidades\/","title":{"rendered":"CIR ofrece becas a radi\u00f3logos en varias subespecialidades"},"content":{"rendered":"<p>El Colegio Interamericano de Radiolog\u00eda (CIR), a trav\u00e9s de su programa \u201cEscola Latino-americana de Radiolog\u00eda\u201d, ofrece 12 becas para realizar pasant\u00edas de formaci\u00f3n en diversas subespecialidades. Las becas tienen una duraci\u00f3n de tres meses y se realizar\u00e1n en prestigiosos centros acad\u00e9micos entre el segundo semestre de 2017 y el primer semestre de 2018. La beca tendr\u00e1 un valor de US$ 3 mil para gastos de viaje y manutenci\u00f3n.<\/p>\n<p>Los postulantes deben ser radi\u00f3logos miembros del CIR con dedicaci\u00f3n asistencial o especial inter\u00e9s en el \u00e1rea de Radiolog\u00eda de la beca a la que postulan. Cabe mencionar que las becas son para radi\u00f3logos capacitados y no para residentes en el \u00e1rea.<\/p>\n<p>Los interesados deber\u00e1n enviar los siguientes documentos a la secretar\u00eda del CIR (<a href=\"mailto:cir.admin@servimed.com.mx\" target=\"_blank\" rel=\"noopener\">cir.admin@servimed.com.mx<\/a>):<\/p>\n<p>\u2013 Carta de recomendaci\u00f3n de la sociedad de radiolog\u00eda del pa\u00eds, valorando la calidad del aspirante como radi\u00f3logo, su idoneidad y constancia de afiliaci\u00f3n a la sociedad;<\/p>\n<p>\u2013 Carta del jefe del servicio donde labora, indicando la idoneidad del solicitante;<\/p>\n<p>\u2013 Carta indicando la subvenci\u00f3n que solicita y sus motivaciones (m\u00e1ximo una p\u00e1gina);<\/p>\n<p>\u2013 Curr\u00edculum breve que incluya fecha de nacimiento, nacionalidad, lugar de trabajo, \u00e1reas espec\u00edficas de Radiolog\u00eda en las que act\u00faa, labor docente realizada y grado acad\u00e9mico, si lo hubiere (m\u00e1ximo una p\u00e1gina);<\/p>\n<p>El plazo para solicitar la beca cierra el 12 de junio, mientras que los resultados se conocer\u00e1n el 26 de junio.<\/p>\n<p>Mas informaci\u00f3n en: <a href=\"http:\/\/www.webcir.org\/becas_elar2017.php\" target=\"_blank\" rel=\"noopener\">http:\/\/www.webcir.org\/becas_elar2017.php<\/a>.<\/p>\n<p>&nbsp;<\/p>\n<p>Descubre las zonas y ubicaciones:<\/p>\n<p>\u2022 Imagen Corporal (T\u00f3rax y Abdomen) \u2013 Centro de Diagn\u00f3stico Dr. Enrique Rossi, Buenos Aires, Argentina<\/p>\n<p>\u2022 Imagen Cardiotor\u00e1cica \u2013 Departamento de Radiolog\u00eda de la Cl\u00ednica Alemana de Santiago, Chile<\/p>\n<p>\u2022 Imagen del abdomen \u2013 Instituto Oulton, C\u00f3rdoba, Argentina<\/p>\n<p>\u2022 Im\u00e1genes abdominales avanzadas \u2013 Tomograf\u00eda computarizada \/ resonancia magn\u00e9tica Departamento de Radiolog\u00eda en Cl\u00ednica Alemana de Santiago, Chile<\/p>\n<p>\u2022 Imagenolog\u00eda Mamaria \u2013 \u00c1rea de Radiolog\u00eda Mamaria y Ginecol\u00f3gica \u2013 UDIAT-CD. Corporaci\u00f3n Sanitaria Parc Taul\u00ed, Barcelona, Espa\u00f1a<\/p>\n<p>\u2022 Imagenolog\u00eda Mamaria \u2013 Centro Elas, Rosario, Argentina<\/p>\n<p>\u2022 Imagenolog\u00eda Mamaria \u2013 Servicio de Imagenolog\u00eda Mamaria del Departamento de Radiolog\u00eda de la Cl\u00ednica Alemana de Santiago, Chile<\/p>\n<p>\u2022 Neuroimagen \u2013 Departamento de Radiolog\u00eda del Instituto Nacional de Neurolog\u00eda y Neurocirug\u00eda, Ciudad de M\u00e9xico, M\u00e9xico<\/p>\n<p>\u2022 Neuroimagen \u2013 Cl\u00ednica Las Condes, Santiago, Chile<\/p>\n<p>\u2022 Radiolog\u00eda Pedi\u00e1trica \u2013 Hospital Universitario Sant Joan de D\u00e9u, Barcelona, Espa\u00f1a<\/p>\n<p>\u2022 Radiolog\u00eda Pedi\u00e1trica \u2013 Hospital Infantil Universit\u00e1rio Ni\u00f1o Jes\u00fas, Madrid, Espa\u00f1a<\/p>\n<p>\u2022 Radiolog\u00eda Pedi\u00e1trica \u2013 Cl\u00ednica Las Condes, Santiago, Chile<\/p>","protected":false},"excerpt":{"rendered":"<p>El Colegio Interamericano de Radiolog\u00eda (CIR), a trav\u00e9s de su programa \u201cEscola Latino-americana de Radiolog\u00eda\u201d, ofrece 12 becas para realizar pasant\u00edas de formaci\u00f3n en diversas subespecialidades. Las becas tienen una duraci\u00f3n de tres meses y se realizar\u00e1n en centros acad\u00e9micos de reconocido prestigio entre el segundo semestre de 2017 y el primer semestre de 2018. La beca ser\u00e1\u2026 <a href=\"https:\/\/cbr.org.br\/es\/cir-oferece-bolsas-para-radiologistas-em-diversas-subespecialidades\/\">Sigue leyendo<\/a><\/p>","protected":false},"author":8,"featured_media":0,"comment_status":"closed","ping_status":"closed","sticky":false,"template":"","format":"standard","meta":{"_acf_changed":false,"footnotes":""},"categories":[18],"tags":[420,50,99,111,344,310,370,65,96,371,66,421],"class_list":["post-17786","post","type-post","status-publish","format-standard","hentry","category-parcerias-internacional","tag-bolsas","tag-cbr","tag-cir","tag-diagnostico-por-imagem","tag-estudante","tag-exame","tag-laudo","tag-medico","tag-radiologia","tag-radiologico","tag-radiologista","tag-subespecialidade"],"acf":[],"_links":{"self":[{"href":"https:\/\/cbr.org.br\/es\/wp-json\/wp\/v2\/posts\/17786","targetHints":{"allow":["GET"]}}],"collection":[{"href":"https:\/\/cbr.org.br\/es\/wp-json\/wp\/v2\/posts"}],"about":[{"href":"https:\/\/cbr.org.br\/es\/wp-json\/wp\/v2\/types\/post"}],"author":[{"embeddable":true,"href":"https:\/\/cbr.org.br\/es\/wp-json\/wp\/v2\/users\/8"}],"replies":[{"embeddable":true,"href":"https:\/\/cbr.org.br\/es\/wp-json\/wp\/v2\/comments?post=17786"}],"version-history":[{"count":1,"href":"https:\/\/cbr.org.br\/es\/wp-json\/wp\/v2\/posts\/17786\/revisions"}],"predecessor-version":[{"id":50970,"href":"https:\/\/cbr.org.br\/es\/wp-json\/wp\/v2\/posts\/17786\/revisions\/50970"}],"wp:attachment":[{"href":"https:\/\/cbr.org.br\/es\/wp-json\/wp\/v2\/media?parent=17786"}],"wp:term":[{"taxonomy":"category","embeddable":true,"href":"https:\/\/cbr.org.br\/es\/wp-json\/wp\/v2\/categories?post=17786"},{"taxonomy":"post_tag","embeddable":true,"href":"https:\/\/cbr.org.br\/es\/wp-json\/wp\/v2\/tags?post=17786"}],"curies":[{"name":"wp","href":"https:\/\/api.w.org\/{rel}","templated":true}]}}