{"id":17849,"date":"2017-06-02T17:00:40","date_gmt":"2017-06-02T20:00:40","guid":{"rendered":"https:\/\/cbr.org.br\/?p=17849"},"modified":"2025-03-18T11:56:51","modified_gmt":"2025-03-18T14:56:51","slug":"jornada-mineira-de-neuro-acontece-em-agosto","status":"publish","type":"post","link":"https:\/\/cbr.org.br\/es\/jornada-mineira-de-neuro-acontece-em-agosto\/","title":{"rendered":"Neuro Mining Journey se realiza en agosto"},"content":{"rendered":"<p><a href=\"https:\/\/cbr.org.br\/wp-content\/uploads\/2017\/04\/III-Jornada-Mineira-de-Neurorradiologia.jpg\"><img fetchpriority=\"high\" decoding=\"async\" class=\"alignleft size-medium wp-image-17354\" src=\"https:\/\/cbr.org.br\/wp-content\/uploads\/2017\/04\/III-Jornada-Mineira-de-Neurorradiologia-410x216.jpg\" alt=\"III Jornada Mineira de Neurorradiologia\" width=\"410\" height=\"216\" \/><\/a>Los d\u00edas 18 y 19 de agosto de 2017, la Sociedad de Radiolog\u00eda y Diagn\u00f3stico por Im\u00e1genes de Minas Gerais (SRMG), con el apoyo de la Sociedad Brasile\u00f1a de Neurorradiolog\u00eda Diagn\u00f3stica y Terap\u00e9utica (SBNR), realizar\u00e1 la tercera edici\u00f3n de la Jornada Mineira de Neuroradiolog\u00eda. El evento contar\u00e1 con la presencia de grandes exponentes nacionales que abordar\u00e1n temas pr\u00e1cticos y actuales de la subespecialidad.<\/p>\n<p>El programa contar\u00e1 nuevamente con Neurogame, una sesi\u00f3n interactiva de casos desafiantes que fue un gran \u00e9xito el a\u00f1o pasado, permitiendo un gran contacto entre congresistas y disertantes. Adem\u00e1s, habr\u00e1 premios para los que acierten m\u00e1s casos.<\/p>\n<p>La edici\u00f3n de este a\u00f1o contar\u00e1 con una novedad m\u00e1s: el evento permitir\u00e1 que profesionales de todo el pa\u00eds env\u00eden casos de la especialidad. Los casos ser\u00e1n evaluados y seleccionados de acuerdo a las reglas establecidas por el comit\u00e9 organizador, disponibles en el portal SRMG, y ser\u00e1n presentados a los participantes durante un m\u00f3dulo espec\u00edfico de la sesi\u00f3n interactiva. Mas informaci\u00f3n en: <a href=\"http:\/\/www.srmg.org.br\/\" target=\"_blank\" rel=\"noopener\">http:\/\/www.srmg.org.br\/<\/a>. \u00a1Participar!<\/p>","protected":false},"excerpt":{"rendered":"<p>Los d\u00edas 18 y 19 de agosto de 2017, la Sociedad de Radiolog\u00eda y Diagn\u00f3stico por Im\u00e1genes de Minas Gerais (SRMG), con el apoyo de la Sociedad Brasile\u00f1a de Neurorradiolog\u00eda Diagn\u00f3stica y Terap\u00e9utica (SBNR), realizar\u00e1 la tercera edici\u00f3n de la Jornada Mineira de Neuroradiolog\u00eda. El evento contar\u00e1 con la presencia de grandes exponentes nacionales que abordar\u00e1n temas pr\u00e1cticos\u2026 <a href=\"https:\/\/cbr.org.br\/es\/jornada-mineira-de-neuro-acontece-em-agosto\/\">Sigue leyendo<\/a><\/p>","protected":false},"author":8,"featured_media":0,"comment_status":"closed","ping_status":"closed","sticky":false,"template":"","format":"standard","meta":{"_acf_changed":false,"footnotes":""},"categories":[16],"tags":[426,50,111,310,427,370,65,220,372,96,371,66],"class_list":["post-17849","post","type-post","status-publish","format-standard","hentry","category-sociedades-estaduais","tag-belo-horizonte","tag-cbr","tag-diagnostico-por-imagem","tag-exame","tag-jornada-evento","tag-laudo","tag-medico","tag-minas-gerais","tag-mineira","tag-radiologia","tag-radiologico","tag-radiologista"],"acf":[],"_links":{"self":[{"href":"https:\/\/cbr.org.br\/es\/wp-json\/wp\/v2\/posts\/17849","targetHints":{"allow":["GET"]}}],"collection":[{"href":"https:\/\/cbr.org.br\/es\/wp-json\/wp\/v2\/posts"}],"about":[{"href":"https:\/\/cbr.org.br\/es\/wp-json\/wp\/v2\/types\/post"}],"author":[{"embeddable":true,"href":"https:\/\/cbr.org.br\/es\/wp-json\/wp\/v2\/users\/8"}],"replies":[{"embeddable":true,"href":"https:\/\/cbr.org.br\/es\/wp-json\/wp\/v2\/comments?post=17849"}],"version-history":[{"count":1,"href":"https:\/\/cbr.org.br\/es\/wp-json\/wp\/v2\/posts\/17849\/revisions"}],"predecessor-version":[{"id":50967,"href":"https:\/\/cbr.org.br\/es\/wp-json\/wp\/v2\/posts\/17849\/revisions\/50967"}],"wp:attachment":[{"href":"https:\/\/cbr.org.br\/es\/wp-json\/wp\/v2\/media?parent=17849"}],"wp:term":[{"taxonomy":"category","embeddable":true,"href":"https:\/\/cbr.org.br\/es\/wp-json\/wp\/v2\/categories?post=17849"},{"taxonomy":"post_tag","embeddable":true,"href":"https:\/\/cbr.org.br\/es\/wp-json\/wp\/v2\/tags?post=17849"}],"curies":[{"name":"wp","href":"https:\/\/api.w.org\/{rel}","templated":true}]}}