{"id":17981,"date":"2017-06-14T10:43:34","date_gmt":"2017-06-14T13:43:34","guid":{"rendered":"https:\/\/cbr.org.br\/?p=17981"},"modified":"2025-03-18T11:49:32","modified_gmt":"2025-03-18T14:49:32","slug":"sc-eleicao-para-a-diretoria-2017-2020-acontece-em-agosto","status":"publish","type":"post","link":"https:\/\/cbr.org.br\/es\/sc-eleicao-para-a-diretoria-2017-2020-acontece-em-agosto\/","title":{"rendered":"SC: La elecci\u00f3n para la junta 2017-2020 se lleva a cabo en agosto"},"content":{"rendered":"<p><a href=\"https:\/\/cbr.org.br\/wp-content\/uploads\/2017\/06\/Logo-SCR.jpg\"><img decoding=\"async\" class=\"alignleft wp-image-17982 size-thumbnail\" src=\"https:\/\/cbr.org.br\/wp-content\/uploads\/2017\/06\/Logo-SCR-145x100.jpg\" alt=\"Logo SCR\" width=\"145\" height=\"100\" \/><\/a>La Sociedad de Radiolog\u00eda de Santa Catarina (SCR) informa que la elecci\u00f3n de la directiva del trienio 2017-2020 se realizar\u00e1 el 28 de agosto de 2017, con el traspaso de mandato y la toma de posesi\u00f3n de la directiva reci\u00e9n electa prevista para el 19 de septiembre de 2017.<\/p>\n<p>Los interesados en postularse para los cargos de la nueva directiva deber\u00e1n registrar la boleta en la secretar\u00eda de la SCR, ubicada en Avenida Prof. Othon Gama D&#039;E\u00e7a, 900, bloque A, local 213, Florian\u00f3polis (SC), de lunes a viernes, de 14h a 18h, hasta el 29 de junio de este a\u00f1o.<\/p>\n<p>Los puestos directivos se encuentran en la p\u00e1gina web: <a href=\"http:\/\/scr.org.br\/dev\/index.php\">http:\/\/scr.org.br\/dev\/index.php<\/a>, Men\u00fa del tablero.<\/p>\n<p>SCR permanece disponible para aclaraciones por tel\u00e9fono: (48) 3364-0376.<\/p>","protected":false},"excerpt":{"rendered":"<p>La Sociedad de Radiolog\u00eda de Santa Catarina (SCR) informa que la elecci\u00f3n de la directiva del trienio 2017-2020 se realizar\u00e1 el 28 de agosto de 2017, con el traspaso de mandato y la toma de posesi\u00f3n de la directiva reci\u00e9n electa prevista para el 19 de septiembre de 2017. Interesados en postularse para los puestos de la nueva junta... <a href=\"https:\/\/cbr.org.br\/es\/sc-eleicao-para-a-diretoria-2017-2020-acontece-em-agosto\/\">Sigue leyendo<\/a><\/p>","protected":false},"author":8,"featured_media":17982,"comment_status":"open","ping_status":"open","sticky":false,"template":"","format":"standard","meta":{"_acf_changed":false,"footnotes":""},"categories":[10,1],"tags":[50,111,435,310,370,65,96,371,66,90],"class_list":["post-17981","post","type-post","status-publish","format-standard","has-post-thumbnail","hentry","category-institucional","category-sem-categoria","tag-cbr","tag-diagnostico-por-imagem","tag-eleicao","tag-exame","tag-laudo","tag-medico","tag-radiologia","tag-radiologico","tag-radiologista","tag-santa-catarina"],"acf":[],"_links":{"self":[{"href":"https:\/\/cbr.org.br\/es\/wp-json\/wp\/v2\/posts\/17981","targetHints":{"allow":["GET"]}}],"collection":[{"href":"https:\/\/cbr.org.br\/es\/wp-json\/wp\/v2\/posts"}],"about":[{"href":"https:\/\/cbr.org.br\/es\/wp-json\/wp\/v2\/types\/post"}],"author":[{"embeddable":true,"href":"https:\/\/cbr.org.br\/es\/wp-json\/wp\/v2\/users\/8"}],"replies":[{"embeddable":true,"href":"https:\/\/cbr.org.br\/es\/wp-json\/wp\/v2\/comments?post=17981"}],"version-history":[{"count":1,"href":"https:\/\/cbr.org.br\/es\/wp-json\/wp\/v2\/posts\/17981\/revisions"}],"predecessor-version":[{"id":50955,"href":"https:\/\/cbr.org.br\/es\/wp-json\/wp\/v2\/posts\/17981\/revisions\/50955"}],"wp:featuredmedia":[{"embeddable":true,"href":"https:\/\/cbr.org.br\/es\/wp-json\/"}],"wp:attachment":[{"href":"https:\/\/cbr.org.br\/es\/wp-json\/wp\/v2\/media?parent=17981"}],"wp:term":[{"taxonomy":"category","embeddable":true,"href":"https:\/\/cbr.org.br\/es\/wp-json\/wp\/v2\/categories?post=17981"},{"taxonomy":"post_tag","embeddable":true,"href":"https:\/\/cbr.org.br\/es\/wp-json\/wp\/v2\/tags?post=17981"}],"curies":[{"name":"wp","href":"https:\/\/api.w.org\/{rel}","templated":true}]}}