{"id":18160,"date":"2017-07-07T17:19:02","date_gmt":"2017-07-07T20:19:02","guid":{"rendered":"https:\/\/cbr.org.br\/?p=18160"},"modified":"2025-03-18T12:13:30","modified_gmt":"2025-03-18T15:13:30","slug":"inscricoes-com-desconto-so-ate-31-de-julho","status":"publish","type":"post","link":"https:\/\/cbr.org.br\/es\/inscricoes-com-desconto-so-ate-31-de-julho\/","title":{"rendered":"Inscripci\u00f3n con descuento solo hasta el 31 de julio"},"content":{"rendered":"<p>No se pierda los \u00faltimos d\u00edas para inscripciones con mayor descuento en el XLVI Congreso Brasile\u00f1o de Radiolog\u00eda (CBR 17), que se realizar\u00e1 en el Centro de Convenciones Expo Unimed, en Curitiba (PR). Los miembros actualizados del Colegio Brasile\u00f1o de Radiolog\u00eda y Diagn\u00f3stico por Imagen (CBR) e interesados de otras categor\u00edas tienen hasta el 31 de julio para inscribirse antes del reajuste por parte del <em>sitio<\/em>: <a href=\"http:\/\/www.congressocbr.com.br\/\" target=\"_blank\" rel=\"noopener\">http:\/\/www.congressocbr.com.br\/<\/a>.<\/p>\n<p>El evento se enfoca en actualizar en temas de mayor inter\u00e9s y profundizar en estudios y pr\u00e1cticas m\u00e1s avanzadas en Radiolog\u00eda e Imagen Diagn\u00f3stica. Para cumplir con este objetivo se planificaron clases en los siguientes m\u00f3dulos: Cabeza y Cuello, Curso AVR (con inscripci\u00f3n aparte), Curso de Tomos\u00edntesis de Mama, Mama, Medicina Interna, Musculoesquel\u00e9tico, Neurorradiolog\u00eda, Radiolog\u00eda Intervencionista, T\u00f3rax, Ultrasonido Genitourinario y Ultrasonido General, en adem\u00e1s de T\u00e9cnico y Tecn\u00f3logo y Gesti\u00f3n Cl\u00ednica \u2013 ambos con matr\u00edculas separadas.<\/p>\n<p>Los cursos <em>las manos en<\/em> y el Curso Basado en Casos, as\u00ed como los Cursos BI-RADS\u00ae y Densitometr\u00eda \u00d3sea, ambos con matr\u00edcula separada, y el nuevo Curso de Neurorradiolog\u00eda (cuyas matr\u00edculas tambi\u00e9n deben hacerse por separado) y Como Eu Fa\u00e7o.<\/p>\n<p>Actividades como la Marat\u00f3n para Residentes y el Curso para Estudiantes de Medicina, que se celebraron por primera vez en 2016, se mantendr\u00e1n este a\u00f1o, debido al \u00e9xito de p\u00fablico y la gran satisfacci\u00f3n de los participantes.<\/p>\n<p><strong>oradores internacionales<\/strong><\/p>\n<p>El m\u00f3dulo de Mama tiene una alianza con la Sociedad Iberoamericana de Imagen Mamaria (SIBIM) en su organizaci\u00f3n, importante aliado para contribuir con contenidos diferenciados y de calidad. Est\u00e1n confirmados los siguientes disertantes: Melcior Sent\u00eds (Espa\u00f1a), Javier Rodr\u00edguez Lucero (Argentina), Ruby Espejo (M\u00e9xico), Javier Romero (Colombia) y Miguel Pinochet (Chile).<\/p>\n<p>Adem\u00e1s de los disertantes internacionales del m\u00f3dulo de Mama y reconocidos profesores nacionales, tambi\u00e9n estar\u00e1n presentes seis de las mayores autoridades norteamericanas en la especialidad. Ellos son los doctores David A. Rubin, Deborah Shatzkes, Douglas Phillips, Howard A. Rowley, Ivan Pedrosa y Myrna Godoy.<\/p>\n<p>Consulte m\u00e1s informaci\u00f3n en <em>sitio<\/em> de la CBR 17.<\/p>","protected":false},"excerpt":{"rendered":"<p>No se pierda los \u00faltimos d\u00edas para inscripciones con mayor descuento en el XLVI Congreso Brasile\u00f1o de Radiolog\u00eda (CBR 17), que se realizar\u00e1 en el Centro de Convenciones Expo Unimed, en Curitiba (PR). Los miembros actuales del Colegio Brasile\u00f1o de Radiolog\u00eda y Diagn\u00f3stico por Im\u00e1genes (CBR) e interesados de otras categor\u00edas tienen hasta el 31 de julio... <a href=\"https:\/\/cbr.org.br\/es\/inscricoes-com-desconto-so-ate-31-de-julho\/\">Sigue leyendo<\/a><\/p>","protected":false},"author":8,"featured_media":0,"comment_status":"closed","ping_status":"closed","sticky":false,"template":"","format":"standard","meta":{"_acf_changed":false,"footnotes":""},"categories":[9,1],"tags":[50,111,310,370,65,96,66],"class_list":["post-18160","post","type-post","status-publish","format-standard","hentry","category-congresso","category-sem-categoria","tag-cbr","tag-diagnostico-por-imagem","tag-exame","tag-laudo","tag-medico","tag-radiologia","tag-radiologista"],"acf":[],"_links":{"self":[{"href":"https:\/\/cbr.org.br\/es\/wp-json\/wp\/v2\/posts\/18160","targetHints":{"allow":["GET"]}}],"collection":[{"href":"https:\/\/cbr.org.br\/es\/wp-json\/wp\/v2\/posts"}],"about":[{"href":"https:\/\/cbr.org.br\/es\/wp-json\/wp\/v2\/types\/post"}],"author":[{"embeddable":true,"href":"https:\/\/cbr.org.br\/es\/wp-json\/wp\/v2\/users\/8"}],"replies":[{"embeddable":true,"href":"https:\/\/cbr.org.br\/es\/wp-json\/wp\/v2\/comments?post=18160"}],"version-history":[{"count":1,"href":"https:\/\/cbr.org.br\/es\/wp-json\/wp\/v2\/posts\/18160\/revisions"}],"predecessor-version":[{"id":50982,"href":"https:\/\/cbr.org.br\/es\/wp-json\/wp\/v2\/posts\/18160\/revisions\/50982"}],"wp:attachment":[{"href":"https:\/\/cbr.org.br\/es\/wp-json\/wp\/v2\/media?parent=18160"}],"wp:term":[{"taxonomy":"category","embeddable":true,"href":"https:\/\/cbr.org.br\/es\/wp-json\/wp\/v2\/categories?post=18160"},{"taxonomy":"post_tag","embeddable":true,"href":"https:\/\/cbr.org.br\/es\/wp-json\/wp\/v2\/tags?post=18160"}],"curies":[{"name":"wp","href":"https:\/\/api.w.org\/{rel}","templated":true}]}}