{"id":18253,"date":"2017-07-21T14:02:06","date_gmt":"2017-07-21T17:02:06","guid":{"rendered":"https:\/\/cbr.org.br\/?p=18253"},"modified":"2025-03-18T12:30:28","modified_gmt":"2025-03-18T15:30:28","slug":"curso-esor-sobre-emergencias-radiologicas-acontece-mes-que-vem-em-belo-horizonte","status":"publish","type":"post","link":"https:\/\/cbr.org.br\/es\/curso-esor-sobre-emergencias-radiologicas-acontece-mes-que-vem-em-belo-horizonte\/","title":{"rendered":"Curso ESOR sobre Emergencias Radiol\u00f3gicas se realiza el pr\u00f3ximo mes en Belo Horizonte"},"content":{"rendered":"<p><a href=\"https:\/\/cbr.org.br\/wp-content\/uploads\/2015\/07\/1---nota-Esor-Coruja.jpg\"><img decoding=\"async\" class=\"alignleft size-full wp-image-11527\" src=\"https:\/\/cbr.org.br\/wp-content\/uploads\/2015\/07\/1---nota-Esor-Coruja.jpg\" alt=\"1\u00aa nota - Esor_Coruja\" width=\"184\" height=\"215\" \/><\/a>Con grandes nombres de la Radiolog\u00eda europea y brasile\u00f1a, el Curso ESOR AIMS se realizar\u00e1 los d\u00edas 25 y 26 de agosto, en la Associa\u00e7\u00e3o M\u00e9dica de Minas Gerais, en Belo Horizonte (MG). La inscripci\u00f3n est\u00e1 abierta en <em>sitio<\/em> <a href=\"http:\/\/www.cursoesor.com.br\/\" target=\"_blank\" rel=\"noopener\">http:\/\/www.cursoesor.com.br<\/a>. El idioma oficial es el ingl\u00e9s y no habr\u00e1 traducci\u00f3n simult\u00e1nea.<\/p>\n<p>Fruto de una asociaci\u00f3n establecida hace a\u00f1os entre el Colegio Brasile\u00f1o de Radiolog\u00eda y Diagn\u00f3stico por Im\u00e1genes (CBR) y la Escuela Europea de Radiolog\u00eda (ESOR), instituci\u00f3n educativa vinculada a la Sociedad Europea de Radiolog\u00eda (ESR), el evento contar\u00e1 por primera vez tiempo tiene el tema <em>Emergencias Radiol\u00f3gicas<\/em>.<\/p>\n<p>La coordinaci\u00f3n nacional del curso estar\u00e1 a cargo del Dr. Luciana Costa Silva (MG), mientras que la Dra. Cibele Carvalho (MG), presidenta de la Sociedad de Radiolog\u00eda y Diagn\u00f3stico por Imagen de Minas Gerais (SRMG) y directora de Defensa Profesional de la CBR.<\/p>\n<p>Este a\u00f1o, a diferencia de ediciones anteriores, el curso se desarrollar\u00e1 en dos d\u00edas completos, con doce clases te\u00f3ricas y doce <em>Talleres de trabajo<\/em>, en lugar de nueve, y dos conferencias de cada profesor europeo en lugar de una. Considerado el plato fuerte del evento, el <em>Talleres de trabajo<\/em> tendr\u00e1 lugar despu\u00e9s de las clases te\u00f3ricas y dividir\u00e1 a los integrantes en tres grupos de hasta 40 participantes para la discusi\u00f3n de casos cl\u00ednicos diarios relacionados con cada tema.<\/p>\n<p>El Curso ESOR contar\u00e1 con la participaci\u00f3n de los doctores Ademar Paes Junior (SC), director de la Asociaci\u00f3n Brasile\u00f1a de Cl\u00ednicas de Diagn\u00f3stico por Imagen (ABCDI) y especialista en Cabeza y Cuello; Conrado Cavalcanti (SP), coordinador del Programa de Acreditaci\u00f3n de Diagn\u00f3stico por Im\u00e1genes (PADI) y especialista en Musculoesquel\u00e9tico; Dante Escuissato (PR), director cient\u00edfico de CBR y especialista en el campo del T\u00f3rax; y Alice Brand\u00e3o, especialista en Medicina Interna.<\/p>\n<p>Conferencistas europeos de renombre tambi\u00e9n alegrar\u00e1n el evento. Se trata de los doctores Marc Zins (Francia), que trabaja en el <em>Hospital de Par\u00eds Saint Joseph<\/em> y es <em>miembro en general<\/em> la Sociedad Europea de Radiolog\u00eda Gastrointestinal y Abdominal (Esgar); Majda Thurnher (croata que trabaja en Austria); Christian Lowe (Austria), del \u00e1rea de Radiolog\u00eda Cardiovascular; y Maria Raissaki (Grecia), radi\u00f3loga pedi\u00e1trica que abordar\u00e1 traumatismos y emergencias abdominales traum\u00e1ticas y no traum\u00e1ticas en ni\u00f1os.<\/p>\n<p>No pierdas la oportunidad e inscr\u00edbete. Los espacios son limitados.<\/p>","protected":false},"excerpt":{"rendered":"<p>Con grandes nombres de la Radiolog\u00eda europea y brasile\u00f1a, el Curso ESOR AIMS se realizar\u00e1 los d\u00edas 25 y 26 de agosto, en la Associa\u00e7\u00e3o M\u00e9dica de Minas Gerais, en Belo Horizonte (MG). La inscripci\u00f3n est\u00e1 abierta en http:\/\/www.cursoesor.com.br. El idioma oficial es el ingl\u00e9s y no habr\u00e1 traducci\u00f3n simult\u00e1nea. Fruto de una colaboraci\u00f3n firmada hace unos a\u00f1os\u2026 <a href=\"https:\/\/cbr.org.br\/es\/curso-esor-sobre-emergencias-radiologicas-acontece-mes-que-vem-em-belo-horizonte\/\">Sigue leyendo<\/a><\/p>","protected":false},"author":8,"featured_media":6393,"comment_status":"closed","ping_status":"closed","sticky":false,"template":"","format":"standard","meta":{"_acf_changed":false,"footnotes":""},"categories":[18],"tags":[426,50,111,405,67,310,65,96,66],"class_list":["post-18253","post","type-post","status-publish","format-standard","has-post-thumbnail","hentry","category-parcerias-internacional","tag-belo-horizonte","tag-cbr","tag-diagnostico-por-imagem","tag-emergencias-radiologicas","tag-esor","tag-exame","tag-medico","tag-radiologia","tag-radiologista"],"acf":[],"_links":{"self":[{"href":"https:\/\/cbr.org.br\/es\/wp-json\/wp\/v2\/posts\/18253","targetHints":{"allow":["GET"]}}],"collection":[{"href":"https:\/\/cbr.org.br\/es\/wp-json\/wp\/v2\/posts"}],"about":[{"href":"https:\/\/cbr.org.br\/es\/wp-json\/wp\/v2\/types\/post"}],"author":[{"embeddable":true,"href":"https:\/\/cbr.org.br\/es\/wp-json\/wp\/v2\/users\/8"}],"replies":[{"embeddable":true,"href":"https:\/\/cbr.org.br\/es\/wp-json\/wp\/v2\/comments?post=18253"}],"version-history":[{"count":1,"href":"https:\/\/cbr.org.br\/es\/wp-json\/wp\/v2\/posts\/18253\/revisions"}],"predecessor-version":[{"id":51008,"href":"https:\/\/cbr.org.br\/es\/wp-json\/wp\/v2\/posts\/18253\/revisions\/51008"}],"wp:featuredmedia":[{"embeddable":true,"href":"https:\/\/cbr.org.br\/es\/wp-json\/"}],"wp:attachment":[{"href":"https:\/\/cbr.org.br\/es\/wp-json\/wp\/v2\/media?parent=18253"}],"wp:term":[{"taxonomy":"category","embeddable":true,"href":"https:\/\/cbr.org.br\/es\/wp-json\/wp\/v2\/categories?post=18253"},{"taxonomy":"post_tag","embeddable":true,"href":"https:\/\/cbr.org.br\/es\/wp-json\/wp\/v2\/tags?post=18253"}],"curies":[{"name":"wp","href":"https:\/\/api.w.org\/{rel}","templated":true}]}}