{"id":18272,"date":"2017-07-28T09:54:04","date_gmt":"2017-07-28T12:54:04","guid":{"rendered":"https:\/\/cbr.org.br\/?p=18272"},"modified":"2025-03-18T12:29:44","modified_gmt":"2025-03-18T15:29:44","slug":"mg-sociedade-e-servicos-de-radiologia-lancam-reuniao-para-residentes","status":"publish","type":"post","link":"https:\/\/cbr.org.br\/es\/mg-sociedade-e-servicos-de-radiologia-lancam-reuniao-para-residentes\/","title":{"rendered":"MG: reuni\u00f3n de lanzamiento de servicios y sociedad de radiolog\u00eda para residentes"},"content":{"rendered":"<p><a href=\"https:\/\/cbr.org.br\/wp-content\/uploads\/2015\/09\/srmg.jpg\"><img decoding=\"async\" class=\"alignleft size-full wp-image-11975\" src=\"https:\/\/cbr.org.br\/wp-content\/uploads\/2015\/09\/srmg.jpg\" alt=\"srmg\" width=\"291\" height=\"99\" \/><\/a>Inspirado en la reuni\u00f3n de teleconferencia SIG-Abdome, que existe desde hace varios a\u00f1os y coordinado por los doctores Giuseppe D&#039;Ippolito y Carlos Matsumoto, de la Universidad Federal de S\u00e3o Paulo (Unifesp), el Dr. Rog\u00e9rio Augusto Pinto da Silva, actual director cient\u00edfico de la Sociedad de Radiolog\u00eda y Diagn\u00f3stico por Im\u00e1genes de Minas Gerais (SRMG), y los coordinadores de las Residencias M\u00e9dicas de Radiolog\u00eda en Belo Horizonte (MG) Dr. Claudia Juliana de Rezende, del CDI del Hospital Madre Teresa, la Dra. Andr\u00e9 Morgante, del Hospital Fel\u00edcio Rocho, el Dr. Fabiana Paiva Martins, del Hospital Mater Dei, y el Dr. Henri Amed\u00e9e Peret, de Santa Casa, lanz\u00f3 SIGradioMG.<\/p>\n<p>Sesenta m\u00e9dicos residentes asistieron a la primera reuni\u00f3n realizada en el auditorio del Consejo Regional de Medicina de Minas Gerais (CRM-MG), en la capital de Minas Gerais, donde se presentaron dos casos radiol\u00f3gicos: uno de abdomen (hernia de Petersen) y otro del t\u00f3rax (fibrosis pulmonar idiop\u00e1tica).<\/p>\n<p>Las pr\u00f3ximas reuniones ya est\u00e1n programadas, cada una bajo la responsabilidad de un servicio. El encuentro se transmite a trav\u00e9s de una aplicaci\u00f3n especializada, que permite la participaci\u00f3n de servicios de otras ciudades de Minas Gerais.<\/p>","protected":false},"excerpt":{"rendered":"<p>Inspirado en la reuni\u00f3n de teleconferencia SIG-Abdome, que existe desde hace varios a\u00f1os y coordinado por los doctores Giuseppe D&#039;Ippolito y Carlos Matsumoto, de la Universidad Federal de S\u00e3o Paulo (Unifesp), el Dr. Rog\u00e9rio Augusto Pinto da Silva, actual director cient\u00edfico de la Sociedad de Radiolog\u00eda y Diagn\u00f3stico por Im\u00e1genes de Minas Gerais (SRMG), y los coordinadores de Residencias M\u00e9dicas en \u2026 <a href=\"https:\/\/cbr.org.br\/es\/mg-sociedade-e-servicos-de-radiologia-lancam-reuniao-para-residentes\/\">Sigue leyendo<\/a><\/p>","protected":false},"author":8,"featured_media":8187,"comment_status":"closed","ping_status":"closed","sticky":false,"template":"","format":"standard","meta":{"_acf_changed":false,"footnotes":""},"categories":[16],"tags":[50,111,310,65,220,96,66,448],"class_list":["post-18272","post","type-post","status-publish","format-standard","has-post-thumbnail","hentry","category-sociedades-estaduais","tag-cbr","tag-diagnostico-por-imagem","tag-exame","tag-medico","tag-minas-gerais","tag-radiologia","tag-radiologista","tag-residemtes"],"acf":[],"_links":{"self":[{"href":"https:\/\/cbr.org.br\/es\/wp-json\/wp\/v2\/posts\/18272","targetHints":{"allow":["GET"]}}],"collection":[{"href":"https:\/\/cbr.org.br\/es\/wp-json\/wp\/v2\/posts"}],"about":[{"href":"https:\/\/cbr.org.br\/es\/wp-json\/wp\/v2\/types\/post"}],"author":[{"embeddable":true,"href":"https:\/\/cbr.org.br\/es\/wp-json\/wp\/v2\/users\/8"}],"replies":[{"embeddable":true,"href":"https:\/\/cbr.org.br\/es\/wp-json\/wp\/v2\/comments?post=18272"}],"version-history":[{"count":1,"href":"https:\/\/cbr.org.br\/es\/wp-json\/wp\/v2\/posts\/18272\/revisions"}],"predecessor-version":[{"id":51007,"href":"https:\/\/cbr.org.br\/es\/wp-json\/wp\/v2\/posts\/18272\/revisions\/51007"}],"wp:featuredmedia":[{"embeddable":true,"href":"https:\/\/cbr.org.br\/es\/wp-json\/"}],"wp:attachment":[{"href":"https:\/\/cbr.org.br\/es\/wp-json\/wp\/v2\/media?parent=18272"}],"wp:term":[{"taxonomy":"category","embeddable":true,"href":"https:\/\/cbr.org.br\/es\/wp-json\/wp\/v2\/categories?post=18272"},{"taxonomy":"post_tag","embeddable":true,"href":"https:\/\/cbr.org.br\/es\/wp-json\/wp\/v2\/tags?post=18272"}],"curies":[{"name":"wp","href":"https:\/\/api.w.org\/{rel}","templated":true}]}}