{"id":18375,"date":"2017-08-23T21:15:18","date_gmt":"2017-08-24T00:15:18","guid":{"rendered":"https:\/\/cbr.org.br\/?p=18375"},"modified":"2025-03-18T12:23:24","modified_gmt":"2025-03-18T15:23:24","slug":"cbr-participa-de-audiencia-publica-na-camara-dos-deputados","status":"publish","type":"post","link":"https:\/\/cbr.org.br\/es\/cbr-participa-de-audiencia-publica-na-camara-dos-deputados\/","title":{"rendered":"CBR participa en audiencia p\u00fablica en la C\u00e1mara de Diputados"},"content":{"rendered":"<figure id=\"attachment_18376\" aria-describedby=\"caption-attachment-18376\" style=\"width: 350px\" class=\"wp-caption alignleft\"><img fetchpriority=\"high\" decoding=\"async\" class=\"wp-image-18376\" src=\"https:\/\/cbr.org.br\/wp-content\/uploads\/2017\/08\/Evento-em-Brasilia.jpg\" alt=\"\" width=\"350\" height=\"263\" srcset=\"https:\/\/cbr.org.br\/wp-content\/uploads\/2017\/08\/Evento-em-Brasilia.jpg 1280w, https:\/\/cbr.org.br\/wp-content\/uploads\/2017\/08\/Evento-em-Brasilia-300x225.jpg 300w, https:\/\/cbr.org.br\/wp-content\/uploads\/2017\/08\/Evento-em-Brasilia-1024x768.jpg 1024w, https:\/\/cbr.org.br\/wp-content\/uploads\/2017\/08\/Evento-em-Brasilia-768x576.jpg 768w\" sizes=\"(max-width: 350px) 100vw, 350px\" \/><figcaption id=\"caption-attachment-18376\" class=\"wp-caption-text\">Presidente de la CBR, Dr. Manoel de Souza Rocha habla durante audiencia p\u00fablica en la C\u00e1mara de Diputados<\/figcaption><\/figure>\n<p>La CBR particip\u00f3, el martes pasado (22), de una audiencia p\u00fablica de la Comisi\u00f3n Especial de Innovaci\u00f3n Tecnol\u00f3gica en Salud de la C\u00e1mara de Diputados, en Brasilia (DF). La audiencia fue solicitada por el diputado federal Juscelino Filho (DEM-MA). Adem\u00e1s del Colegio, participaron representantes de la industria (Armando Correa Lopes Junior, de Siemens), diputados y p\u00fablico en general.<\/p>\n<p>Esta comisi\u00f3n tiene como objetivo estudiar el proceso de innovaci\u00f3n e incorporaci\u00f3n tecnol\u00f3gica en el complejo productivo de la salud en Brasil y en el mundo. Entre los temas tratados, se habl\u00f3 de la posibilidad de mejorar el servicio a la poblaci\u00f3n con el uso de nuevas tecnolog\u00edas y procedimientos, lo que demanda tambi\u00e9n una mejora en la gesti\u00f3n.<\/p>","protected":false},"excerpt":{"rendered":"<p>La CBR particip\u00f3, el martes pasado (22), de una audiencia p\u00fablica de la Comisi\u00f3n Especial de Innovaci\u00f3n Tecnol\u00f3gica en Salud de la C\u00e1mara de Diputados, en Brasilia (DF). La audiencia fue solicitada por el diputado federal Juscelino Filho (DEM-MA). Adem\u00e1s del Colegio, participaron representantes de la industria (Armando Correa Lopes Junior, de Siemens), diputados y p\u00fablico en general. esa comisi\u00f3n\u2026 <a href=\"https:\/\/cbr.org.br\/es\/cbr-participa-de-audiencia-publica-na-camara-dos-deputados\/\">Sigue leyendo<\/a><\/p>","protected":false},"author":8,"featured_media":18376,"comment_status":"closed","ping_status":"closed","sticky":false,"template":"","format":"standard","meta":{"_acf_changed":false,"footnotes":""},"categories":[10],"tags":[5,457,458,50,6,111,310,65,96,66],"class_list":["post-18375","post","type-post","status-publish","format-standard","has-post-thumbnail","hentry","category-institucional","tag-ans","tag-audiencia-publica","tag-camara-dos-deputados","tag-cbr","tag-defesa-profissional","tag-diagnostico-por-imagem","tag-exame","tag-medico","tag-radiologia","tag-radiologista"],"acf":[],"_links":{"self":[{"href":"https:\/\/cbr.org.br\/es\/wp-json\/wp\/v2\/posts\/18375","targetHints":{"allow":["GET"]}}],"collection":[{"href":"https:\/\/cbr.org.br\/es\/wp-json\/wp\/v2\/posts"}],"about":[{"href":"https:\/\/cbr.org.br\/es\/wp-json\/wp\/v2\/types\/post"}],"author":[{"embeddable":true,"href":"https:\/\/cbr.org.br\/es\/wp-json\/wp\/v2\/users\/8"}],"replies":[{"embeddable":true,"href":"https:\/\/cbr.org.br\/es\/wp-json\/wp\/v2\/comments?post=18375"}],"version-history":[{"count":1,"href":"https:\/\/cbr.org.br\/es\/wp-json\/wp\/v2\/posts\/18375\/revisions"}],"predecessor-version":[{"id":50996,"href":"https:\/\/cbr.org.br\/es\/wp-json\/wp\/v2\/posts\/18375\/revisions\/50996"}],"wp:featuredmedia":[{"embeddable":true,"href":"https:\/\/cbr.org.br\/es\/wp-json\/wp\/v2\/media\/18376"}],"wp:attachment":[{"href":"https:\/\/cbr.org.br\/es\/wp-json\/wp\/v2\/media?parent=18375"}],"wp:term":[{"taxonomy":"category","embeddable":true,"href":"https:\/\/cbr.org.br\/es\/wp-json\/wp\/v2\/categories?post=18375"},{"taxonomy":"post_tag","embeddable":true,"href":"https:\/\/cbr.org.br\/es\/wp-json\/wp\/v2\/tags?post=18375"}],"curies":[{"name":"wp","href":"https:\/\/api.w.org\/{rel}","templated":true}]}}