{"id":18458,"date":"2017-08-22T18:45:13","date_gmt":"2017-08-22T21:45:13","guid":{"rendered":"https:\/\/cbr.org.br\/?p=18458"},"modified":"2025-03-18T12:23:55","modified_gmt":"2025-03-18T15:23:55","slug":"edital-de-convocacao-assembleia-geral-ordinaria","status":"publish","type":"post","link":"https:\/\/cbr.org.br\/es\/edital-de-convocacao-assembleia-geral-ordinaria\/","title":{"rendered":"Anuncio de convocatoria - Junta General Ordinaria"},"content":{"rendered":"<p>Integrantes del Colegio Brasile\u00f1o de Radiolog\u00eda y Diagn\u00f3stico por Im\u00e1genes (CBR), CNPJ\/MF n\u00ba 62.839.691\/0001-79, est\u00e1n invitados a reunirse en la sede del XLVI Congreso Brasile\u00f1o de Radiolog\u00eda \u2013 CBR 17, que tendr\u00e1 lugar en el ciudad de Curitiba (PR), en el centro de convenciones Expo Unimed, ubicado en la Rua Prof. Pedro Viriato Parigot de Souza, 5.300 \u2013 Barrio Campo Comprido, el d\u00eda viernes 13 de octubre de 2017, de 11:10 a 12:10 horas, para deliberar sobre lo siguiente.<\/p>\n<p>Orden del d\u00eda:<\/p>\n<p>a) Presentaci\u00f3n del informe de la Junta Directiva;<br \/>\nb) Opini\u00f3n del Consejo Asesor sobre el informe de auditor\u00eda contable;<br \/>\nc) Asuntos generales.<\/p>\n<p>En la Asamblea General Ordinaria s\u00f3lo podr\u00e1n votar los socios que est\u00e9n al corriente de sus obligaciones sociales y estatutarias.<\/p>\n<p>S\u00e3o Paulo, 22 de agosto de 2017.<\/p>","protected":false},"excerpt":{"rendered":"<p>Integrantes del Colegio Brasile\u00f1o de Radiolog\u00eda y Diagn\u00f3stico por Im\u00e1genes (CBR), CNPJ\/MF n\u00ba 62.839.691\/0001-79, est\u00e1n invitados a reunirse en la sede del XLVI Congreso Brasile\u00f1o de Radiolog\u00eda \u2013 CBR 17, que tendr\u00e1 lugar en el ciudad de Curitiba (PR), en el centro de convenciones Expo Unimed, ubicado en la Rua Prof. Pedro Viriato Parigot de Souza, 5.300 \u2013 \u2026 <a href=\"https:\/\/cbr.org.br\/es\/edital-de-convocacao-assembleia-geral-ordinaria\/\">Sigue leyendo<\/a><\/p>","protected":false},"author":8,"featured_media":0,"comment_status":"closed","ping_status":"closed","sticky":false,"template":"","format":"standard","meta":{"_acf_changed":false,"footnotes":""},"categories":[9],"tags":[464,50,111,310,65,96,66],"class_list":["post-18458","post","type-post","status-publish","format-standard","hentry","category-congresso","tag-assembleia-geral","tag-cbr","tag-diagnostico-por-imagem","tag-exame","tag-medico","tag-radiologia","tag-radiologista"],"acf":[],"_links":{"self":[{"href":"https:\/\/cbr.org.br\/es\/wp-json\/wp\/v2\/posts\/18458","targetHints":{"allow":["GET"]}}],"collection":[{"href":"https:\/\/cbr.org.br\/es\/wp-json\/wp\/v2\/posts"}],"about":[{"href":"https:\/\/cbr.org.br\/es\/wp-json\/wp\/v2\/types\/post"}],"author":[{"embeddable":true,"href":"https:\/\/cbr.org.br\/es\/wp-json\/wp\/v2\/users\/8"}],"replies":[{"embeddable":true,"href":"https:\/\/cbr.org.br\/es\/wp-json\/wp\/v2\/comments?post=18458"}],"version-history":[{"count":1,"href":"https:\/\/cbr.org.br\/es\/wp-json\/wp\/v2\/posts\/18458\/revisions"}],"predecessor-version":[{"id":50997,"href":"https:\/\/cbr.org.br\/es\/wp-json\/wp\/v2\/posts\/18458\/revisions\/50997"}],"wp:attachment":[{"href":"https:\/\/cbr.org.br\/es\/wp-json\/wp\/v2\/media?parent=18458"}],"wp:term":[{"taxonomy":"category","embeddable":true,"href":"https:\/\/cbr.org.br\/es\/wp-json\/wp\/v2\/categories?post=18458"},{"taxonomy":"post_tag","embeddable":true,"href":"https:\/\/cbr.org.br\/es\/wp-json\/wp\/v2\/tags?post=18458"}],"curies":[{"name":"wp","href":"https:\/\/api.w.org\/{rel}","templated":true}]}}