{"id":18535,"date":"2017-09-28T18:26:53","date_gmt":"2017-09-28T21:26:53","guid":{"rendered":"https:\/\/cbr.org.br\/?p=18535"},"modified":"2025-03-18T12:39:18","modified_gmt":"2025-03-18T15:39:18","slug":"conselho-federal-de-medicina-emite-parecer-sobre-realizacao-de-ultrassonografia-obstetrica-por-nao-medicos","status":"publish","type":"post","link":"https:\/\/cbr.org.br\/es\/conselho-federal-de-medicina-emite-parecer-sobre-realizacao-de-ultrassonografia-obstetrica-por-nao-medicos\/","title":{"rendered":"Consejo Federal de Medicina emite dictamen sobre realizaci\u00f3n de ecograf\u00eda obst\u00e9trica por no m\u00e9dicos"},"content":{"rendered":"<p><img fetchpriority=\"high\" decoding=\"async\" class=\"wp-image-18538 alignleft\" src=\"https:\/\/cbr.org.br\/wp-content\/uploads\/2017\/09\/Feto_foto-1.jpg\" alt=\"\" width=\"300\" height=\"218\" srcset=\"https:\/\/cbr.org.br\/wp-content\/uploads\/2017\/09\/Feto_foto-1.jpg 626w, https:\/\/cbr.org.br\/wp-content\/uploads\/2017\/09\/Feto_foto-1-300x218.jpg 300w\" sizes=\"(max-width: 300px) 100vw, 300px\" \/><\/p>\n<p>&nbsp;<\/p>\n<p>El 17 de agosto de 2017, el Consejo Federal de Medicina emiti\u00f3 un dictamen sobre la realizaci\u00f3n de ecograf\u00edas obst\u00e9tricas por personal no m\u00e9dico.<\/p>\n<p>Lea la opini\u00f3n completa:<\/p>\n<p><a href=\"https:\/\/sistemas.cfm.org.br\/normas\/visualizar\/pareceres\/BR\/2017\/35\">https:\/\/sistemas.cfm.org.br\/normas\/visualizar\/pareceres\/BR\/2017\/35<\/a><\/p>","protected":false},"excerpt":{"rendered":"<p>&nbsp; El 17 de agosto de 2017, el Consejo Federal de Medicina emiti\u00f3 un dictamen sobre la realizaci\u00f3n de ecograf\u00edas obst\u00e9tricas por personal no m\u00e9dico. Lea la opini\u00f3n completa: https:\/\/sistemas.cfm.org.br\/normas\/visualizar\/pareres\/BR\/2017\/35<\/p>","protected":false},"author":8,"featured_media":18538,"comment_status":"closed","ping_status":"closed","sticky":false,"template":"","format":"standard","meta":{"_acf_changed":false,"footnotes":""},"categories":[16],"tags":[50,162,163,6,111,310,65,96,66,470,27],"class_list":["post-18535","post","type-post","status-publish","format-standard","has-post-thumbnail","hentry","category-sociedades-estaduais","tag-cbr","tag-cfm","tag-conselho-federal-de-medicina","tag-defesa-profissional","tag-diagnostico-por-imagem","tag-exame","tag-medico","tag-radiologia","tag-radiologista","tag-tecnico-de-radiologia","tag-ultrassonografia"],"acf":[],"_links":{"self":[{"href":"https:\/\/cbr.org.br\/es\/wp-json\/wp\/v2\/posts\/18535","targetHints":{"allow":["GET"]}}],"collection":[{"href":"https:\/\/cbr.org.br\/es\/wp-json\/wp\/v2\/posts"}],"about":[{"href":"https:\/\/cbr.org.br\/es\/wp-json\/wp\/v2\/types\/post"}],"author":[{"embeddable":true,"href":"https:\/\/cbr.org.br\/es\/wp-json\/wp\/v2\/users\/8"}],"replies":[{"embeddable":true,"href":"https:\/\/cbr.org.br\/es\/wp-json\/wp\/v2\/comments?post=18535"}],"version-history":[{"count":1,"href":"https:\/\/cbr.org.br\/es\/wp-json\/wp\/v2\/posts\/18535\/revisions"}],"predecessor-version":[{"id":51023,"href":"https:\/\/cbr.org.br\/es\/wp-json\/wp\/v2\/posts\/18535\/revisions\/51023"}],"wp:featuredmedia":[{"embeddable":true,"href":"https:\/\/cbr.org.br\/es\/wp-json\/wp\/v2\/media\/18538"}],"wp:attachment":[{"href":"https:\/\/cbr.org.br\/es\/wp-json\/wp\/v2\/media?parent=18535"}],"wp:term":[{"taxonomy":"category","embeddable":true,"href":"https:\/\/cbr.org.br\/es\/wp-json\/wp\/v2\/categories?post=18535"},{"taxonomy":"post_tag","embeddable":true,"href":"https:\/\/cbr.org.br\/es\/wp-json\/wp\/v2\/tags?post=18535"}],"curies":[{"name":"wp","href":"https:\/\/api.w.org\/{rel}","templated":true}]}}