{"id":18687,"date":"2017-10-27T15:57:32","date_gmt":"2017-10-27T17:57:32","guid":{"rendered":"https:\/\/cbr.org.br\/?p=18687"},"modified":"2025-03-18T12:32:13","modified_gmt":"2025-03-18T15:32:13","slug":"rj-simposio-de-neurorradiologia-acontece-no-dia-11-de-novembro","status":"publish","type":"post","link":"https:\/\/cbr.org.br\/es\/rj-simposio-de-neurorradiologia-acontece-no-dia-11-de-novembro\/","title":{"rendered":"RJ: Simposio de Neurorradiolog\u00eda se lleva a cabo el 11 de noviembre"},"content":{"rendered":"<p>El Simposio de Neurorradiolog\u00eda de la Asociaci\u00f3n de Radiolog\u00eda e Imagenolog\u00eda del Estado de R\u00edo de Janeiro (SRad-RJ) ser\u00e1 realizado el d\u00eda 11 de noviembre. El evento se realizar\u00e1 en la Ciudad M\u00e9dica de las Am\u00e9ricas, en Barra da Tijuca, capital de R\u00edo de Janeiro.<\/p>\n<p>Las inscripciones est\u00e1n abiertas y ya se pueden realizar en el enlace: <a href=\"http:\/\/www.srad-rj.org.br\/evento.php?id=21\">http:\/\/www.srad-rj.org.br\/evento.php?id=21<\/a>. Los asociados actuales de Srad-RJ est\u00e1n exentos de registro hasta el 31 de octubre.<\/p>\n<p>Consulta la programaci\u00f3n completa a continuaci\u00f3n:<\/p>\n<p><img fetchpriority=\"high\" decoding=\"async\" class=\"alignleft wp-image-18688\" src=\"https:\/\/cbr.org.br\/wp-content\/uploads\/2017\/10\/Simposio-de-Neurorradiologia-da-SRad-RJ.jpg\" alt=\"\" width=\"762\" height=\"927\" \/><\/p>","protected":false},"excerpt":{"rendered":"<p>El Simposio de Neurorradiolog\u00eda de la Asociaci\u00f3n de Radiolog\u00eda e Imagenolog\u00eda del Estado de R\u00edo de Janeiro (SRad-RJ) ser\u00e1 realizado el d\u00eda 11 de noviembre. El evento se realizar\u00e1 en la Ciudad M\u00e9dica de las Am\u00e9ricas, en Barra da Tijuca, capital de R\u00edo de Janeiro. La inscripci\u00f3n est\u00e1 abierta y ahora se puede hacer en el enlace: http:\/\/www.srad-rj.org.br\/evento.php?id=21. Miembros al d\u00eda\u2026 <a href=\"https:\/\/cbr.org.br\/es\/rj-simposio-de-neurorradiologia-acontece-no-dia-11-de-novembro\/\">Sigue leyendo<\/a><\/p>","protected":false},"author":8,"featured_media":0,"comment_status":"closed","ping_status":"closed","sticky":false,"template":"","format":"standard","meta":{"_acf_changed":false,"footnotes":""},"categories":[16],"tags":[50,111,310,65,95,96,66,81,218],"class_list":["post-18687","post","type-post","status-publish","format-standard","hentry","category-sociedades-estaduais","tag-cbr","tag-diagnostico-por-imagem","tag-exame","tag-medico","tag-neurorradiologia","tag-radiologia","tag-radiologista","tag-rio-de-janeiro","tag-simposio"],"acf":[],"_links":{"self":[{"href":"https:\/\/cbr.org.br\/es\/wp-json\/wp\/v2\/posts\/18687","targetHints":{"allow":["GET"]}}],"collection":[{"href":"https:\/\/cbr.org.br\/es\/wp-json\/wp\/v2\/posts"}],"about":[{"href":"https:\/\/cbr.org.br\/es\/wp-json\/wp\/v2\/types\/post"}],"author":[{"embeddable":true,"href":"https:\/\/cbr.org.br\/es\/wp-json\/wp\/v2\/users\/8"}],"replies":[{"embeddable":true,"href":"https:\/\/cbr.org.br\/es\/wp-json\/wp\/v2\/comments?post=18687"}],"version-history":[{"count":1,"href":"https:\/\/cbr.org.br\/es\/wp-json\/wp\/v2\/posts\/18687\/revisions"}],"predecessor-version":[{"id":51013,"href":"https:\/\/cbr.org.br\/es\/wp-json\/wp\/v2\/posts\/18687\/revisions\/51013"}],"wp:attachment":[{"href":"https:\/\/cbr.org.br\/es\/wp-json\/wp\/v2\/media?parent=18687"}],"wp:term":[{"taxonomy":"category","embeddable":true,"href":"https:\/\/cbr.org.br\/es\/wp-json\/wp\/v2\/categories?post=18687"},{"taxonomy":"post_tag","embeddable":true,"href":"https:\/\/cbr.org.br\/es\/wp-json\/wp\/v2\/tags?post=18687"}],"curies":[{"name":"wp","href":"https:\/\/api.w.org\/{rel}","templated":true}]}}