{"id":18760,"date":"2017-11-10T11:31:48","date_gmt":"2017-11-10T13:31:48","guid":{"rendered":"https:\/\/cbr.org.br\/?p=18760"},"modified":"2025-03-18T12:50:13","modified_gmt":"2025-03-18T15:50:13","slug":"sociedade-de-radiologia-de-pe-relata-importante-conquista-para-classe","status":"publish","type":"post","link":"https:\/\/cbr.org.br\/es\/sociedade-de-radiologia-de-pe-relata-importante-conquista-para-classe\/","title":{"rendered":"PE Radiology Society informa de un logro importante para la clase"},"content":{"rendered":"<figure id=\"attachment_18761\" aria-describedby=\"caption-attachment-18761\" style=\"width: 484px\" class=\"wp-caption alignleft\"><img fetchpriority=\"high\" decoding=\"async\" class=\"wp-image-18761\" src=\"https:\/\/cbr.org.br\/wp-content\/uploads\/2017\/11\/Honorarios-Pernambuco.jpg\" alt=\"\" width=\"484\" height=\"363\" srcset=\"https:\/\/cbr.org.br\/wp-content\/uploads\/2017\/11\/Honorarios-Pernambuco.jpg 1280w, https:\/\/cbr.org.br\/wp-content\/uploads\/2017\/11\/Honorarios-Pernambuco-300x225.jpg 300w, https:\/\/cbr.org.br\/wp-content\/uploads\/2017\/11\/Honorarios-Pernambuco-1024x768.jpg 1024w, https:\/\/cbr.org.br\/wp-content\/uploads\/2017\/11\/Honorarios-Pernambuco-768x576.jpg 768w\" sizes=\"(max-width: 484px) 100vw, 484px\" \/><figcaption id=\"caption-attachment-18761\" class=\"wp-caption-text\">\u00c1lvaro Campos, M\u00e1rio Lins, F\u00e1tima Arag\u00e3o, Jerusa \u00c1vila (en representaci\u00f3n de Lucilo \u00c1vila), Leon Berenstain, Boris Berenstein, Lina Soares, Beatriz Maranh\u00e3o y Marcos Miranda<\/figcaption><\/figure>\n<p>El Colegio Brasile\u00f1o de Radiolog\u00eda ha incentivado y apoyado los diversos movimientos de sus asociaciones estaduales en lo que respecta a la defensa profesional, y anim\u00f3 a aquellos que tuvieron victorias en sus movimientos a compartirlas con sus colegas, con el fin de fundamentar estrategias de negociaci\u00f3n. A continuaci\u00f3n se relata la importante conquista de la Sociedad de Radiolog\u00eda de Pernambuco (SRPE), con el trabajo de su Director de Defensa Profesional, Dr. \u00c1lvaro Campos, y el presidente del Comit\u00e9 de Tasas del Estado de Pernambuco, Dr. M\u00e1rio Lins, con el apoyo del presidente de la SRPE, Dr. Mar\u00eda de F\u00e1tima Viana Vasco Arag\u00f3n:<\/p>\n<p><em>Estimados colegas,<\/em><\/p>\n<p><em>Vinimos aqu\u00ed para traer un informe sobre un tema que es de gran inter\u00e9s para los radi\u00f3logos.<\/em><\/p>\n<p><em>Como muchos de vosotros ya sabr\u00e9is, en los \u00faltimos a\u00f1os hemos tenido acciones a favor de la defensa de la justa retribuci\u00f3n de los m\u00e9dicos, interpuestas por las distintas Comisiones de Honorarios M\u00e9dicos, que tienen como eje principal la fortaleza del Sindicato de M\u00e9dicos, realizando esta labor de forma sectorial. junto con las diversas categor\u00edas a trav\u00e9s de sus Sociedades.<\/em><\/p>\n<p><em>La Comisi\u00f3n de Tarifas M\u00e9dicas de Pernambuco tiene una colaboraci\u00f3n muy estrecha con la Sociedad de Radiolog\u00eda de Pernambuco, lo que ha tra\u00eddo resultados prometedores en las diversas negociaciones con los operadores de los Planes de Salud desde 2013.<\/em><\/p>\n<p><em>Todo este trabajo y logros solo fueron posibles gracias a la comprensi\u00f3n de los colegas de que solo juntos tendr\u00edan la fuerza para exigir una remuneraci\u00f3n justa por su trabajo, con reajustes peri\u00f3dicos, como lo prev\u00e9 la Ley 13.003\/2014, que trata sobre las normas contractuales entre proveedores. y operadores.<\/em><\/p>\n<p><em>En medio de todo este contexto, informamos una nueva victoria de la Comisi\u00f3n de Honorarios M\u00e9dicos de Pernambuco \/ SRPE, que, eventualmente, podr\u00e1 servir como subsidio al trabajo de otras comisiones. <\/em><\/p>\n<p><em>Hace poco m\u00e1s de un a\u00f1o, una gran operadora de planes de salud descalific\u00f3 uno de los servicios m\u00e1s tradicionales en el \u00e1rea de Im\u00e1genes en Recife.<\/em><\/p>\n<p><em>Con esta noticia, los radi\u00f3logos se acercaron a la Comisi\u00f3n de Honorarios M\u00e9dicos de PE, que cuestion\u00f3 al operador sobre el motivo de la inhabilitaci\u00f3n, ya que esto significar\u00eda el cierre de varios puestos de trabajo. <\/em><\/p>\n<p><em>El operador afirm\u00f3 que este servicio de Im\u00e1genes estaba realizando m\u00e1s ex\u00e1menes de ultrasonido y mamograf\u00eda \u201ccoincidentes\u201d que lo que mostraban las estad\u00edsticas en las otras cl\u00ednicas en todo Brasil.<\/em><\/p>\n<p><em>La CEHM solicit\u00f3 entonces una reuni\u00f3n para esclarecer los hechos y pidi\u00f3 que no haya recusaci\u00f3n hasta que se esclarezca por completo ese asunto. Se argument\u00f3 que dicha empresa era pionera y especializada en el \u00e1rea de los senos, y que era natural que hubiera orientaci\u00f3n de los mast\u00f3logos al ordenar los ex\u00e1menes. Y sin embargo, que los radi\u00f3logos solo realicen las pruebas que se les soliciten, no prescribiendo estas solicitudes. <\/em><\/p>\n<p><em>El operador impuso entonces una reducci\u00f3n en la cantidad de planes que podr\u00edan ser atendidos por este equipo mientras continuaban las negociaciones.<\/em><\/p>\n<p><em>Esta reducci\u00f3n provoc\u00f3 una ca\u00edda de 85% en la atenci\u00f3n de pacientes de este operador por parte de este equipo.<\/em><\/p>\n<p><em>Por lo tanto, se program\u00f3 una reuni\u00f3n con la direcci\u00f3n del plan, en S\u00e3o Paulo (SP), donde los representantes del CEHM-PE fueron recibidos por el director t\u00e9cnico m\u00e9dico. \u00c9ste esgrimi\u00f3 varios argumentos que, a su juicio, justificar\u00edan la descalificaci\u00f3n del servicio. En el entendimiento de la CEHM-PE, tales justificaciones no cabr\u00edan, ya que los radi\u00f3logos no solicitan ex\u00e1menes, solo los realizan.<\/em><\/p>\n<p><em>Despu\u00e9s de esta reuni\u00f3n se acord\u00f3 que se har\u00eda una especie de auditor\u00eda en el servicio en cuesti\u00f3n y que, al cabo de seis meses, nos volver\u00edamos a sentar y, dados los an\u00e1lisis, buscar\u00edamos un consenso.<\/em><\/p>\n<p><em>Este caso incluso fue objeto de discusi\u00f3n en varios foros de radi\u00f3logos a nivel estatal y nacional, lo que gener\u00f3 un sentimiento com\u00fan de que hubo una actitud inadecuada por parte del operador, generando un grave descontento entre los m\u00e9dicos, reflejado en notas que respaldan las acciones del CEHM. -PE, y solidaridad en el servicio.<\/em><\/p>\n<p><em>El CBR fue consultado y emiti\u00f3 una opini\u00f3n con respecto a las im\u00e1genes de mama, que se puede ver a continuaci\u00f3n.<\/em><\/p>\n<p><em>Luego de varias conversaciones y reuniones, CEHM-PE entendi\u00f3 que, como no se present\u00f3 nada que desacreditara la conducta del grupo m\u00e9dico en cuesti\u00f3n, ser\u00eda obligatorio como representaci\u00f3n de clase y como CEHM-PE alegar que los planes anteriormente atendidos bajo la responsabilidad de este grupo m\u00e9dico para volver a la constituci\u00f3n original de la cartera, para que los m\u00e9dicos pudieran recuperar los puestos de trabajo ahora perdidos.<\/em><\/p>\n<p><em>Como no se produjo la respuesta esperada por parte del operador, se entendi\u00f3 que correspond\u00eda al CEHM-PE urgir el pleno retorno a la situaci\u00f3n previa a la inhabilitaci\u00f3n, ya que se cumplieron los plazos pactados, sin medida alguna o nuevo pronunciamiento por parte del operador y sin constataci\u00f3n de la irregularidad denunciada.<\/em><\/p>\n<p><em>Ha pasado casi un a\u00f1o. El operador no dio seguimiento a lo acordado, ni trajo ning\u00fan hecho nuevo sobre el tema. Las negociaciones estaban llegando a un callej\u00f3n sin salida.<\/em><\/p>\n<p><em>CEHM_PE busc\u00f3 nuevamente el di\u00e1logo con el operador, informando el gran descontento de los m\u00e9dicos de todos los servicios de Imagenolog\u00eda de Recife con el trato que les estaban dando, ante un acto que entienden totalmente irrazonable y que huye por completo del respeto mutuo de alto nivel. de proveedores e instituciones de seguros. Entendi\u00f3 que tambi\u00e9n debe informar la decisi\u00f3n tomada en la asamblea de categor\u00eda de posicionarse y manifestar su repudio al referido acto, poniendo en conocimiento de la poblaci\u00f3n, por todos los medios a su alcance, hechos sobre el impasse ocurrido, con la consecuente indicaci\u00f3n de paralizaci\u00f3n. <\/em><\/p>\n<p><em>Entendemos que los argumentos presentados se entendieron como v\u00e1lidos, habi\u00e9ndose restablecido plenamente las anteriores circunstancias de acreditaci\u00f3n, reflejando el esp\u00edritu de entendimiento que, finalmente, prevaleci\u00f3, restableciendo los di\u00e1logos al nivel que siempre quisimos mantener.<\/em><\/p>\n<p><em>Desde aqu\u00ed queremos sacar el mensaje de que la b\u00fasqueda del di\u00e1logo debe ser permanente y que debe buscarse siempre la uni\u00f3n de la categor\u00eda para la mayor valorizaci\u00f3n de la misma.<\/em><\/p>\n<p><em>Vamonos,<\/em><\/p>\n<p><em>\u00a0<\/em><\/p>\n<p><strong><em>M\u00e1rio Fernando Lins \/ Mar\u00eda de F\u00e1tima Arag\u00e3o \/ \u00c1lvaro Campos<\/em><\/strong><\/p>\n<p><em>Pres. del CEHM-PE \/ Pres. de SRPE \/ Dir. Def. Profe. de la SRPE<\/em><\/p>","protected":false},"excerpt":{"rendered":"<p>El Colegio Brasile\u00f1o de Radiolog\u00eda ha incentivado y apoyado los diversos movimientos de sus asociaciones estaduales en lo que respecta a la defensa profesional, y anim\u00f3 a aquellos que tuvieron victorias en sus movimientos a compartirlas con sus colegas, con el fin de fundamentar estrategias de negociaci\u00f3n. A continuaci\u00f3n se presenta un relato de un logro importante de la Sociedad de Radiolog\u00eda... <a href=\"https:\/\/cbr.org.br\/es\/sociedade-de-radiologia-de-pe-relata-importante-conquista-para-classe\/\">Sigue leyendo<\/a><\/p>","protected":false},"author":8,"featured_media":0,"comment_status":"closed","ping_status":"closed","sticky":false,"template":"","format":"standard","meta":{"_acf_changed":false,"footnotes":""},"categories":[16],"tags":[50,111,310,65,411,96,66],"class_list":["post-18760","post","type-post","status-publish","format-standard","hentry","category-sociedades-estaduais","tag-cbr","tag-diagnostico-por-imagem","tag-exame","tag-medico","tag-pernambuco","tag-radiologia","tag-radiologista"],"acf":[],"_links":{"self":[{"href":"https:\/\/cbr.org.br\/es\/wp-json\/wp\/v2\/posts\/18760","targetHints":{"allow":["GET"]}}],"collection":[{"href":"https:\/\/cbr.org.br\/es\/wp-json\/wp\/v2\/posts"}],"about":[{"href":"https:\/\/cbr.org.br\/es\/wp-json\/wp\/v2\/types\/post"}],"author":[{"embeddable":true,"href":"https:\/\/cbr.org.br\/es\/wp-json\/wp\/v2\/users\/8"}],"replies":[{"embeddable":true,"href":"https:\/\/cbr.org.br\/es\/wp-json\/wp\/v2\/comments?post=18760"}],"version-history":[{"count":1,"href":"https:\/\/cbr.org.br\/es\/wp-json\/wp\/v2\/posts\/18760\/revisions"}],"predecessor-version":[{"id":51043,"href":"https:\/\/cbr.org.br\/es\/wp-json\/wp\/v2\/posts\/18760\/revisions\/51043"}],"wp:attachment":[{"href":"https:\/\/cbr.org.br\/es\/wp-json\/wp\/v2\/media?parent=18760"}],"wp:term":[{"taxonomy":"category","embeddable":true,"href":"https:\/\/cbr.org.br\/es\/wp-json\/wp\/v2\/categories?post=18760"},{"taxonomy":"post_tag","embeddable":true,"href":"https:\/\/cbr.org.br\/es\/wp-json\/wp\/v2\/tags?post=18760"}],"curies":[{"name":"wp","href":"https:\/\/api.w.org\/{rel}","templated":true}]}}