{"id":19553,"date":"2018-02-16T14:57:35","date_gmt":"2018-02-16T16:57:35","guid":{"rendered":"https:\/\/cbr.org.br\/?p=19553"},"modified":"2025-03-18T13:02:03","modified_gmt":"2025-03-18T16:02:03","slug":"abcdi-cbr-e-fdc-promovem-curso-focado-em-formacao-e-atualizacao-para-liderancas-setor-garanta-sua-inscricao","status":"publish","type":"post","link":"https:\/\/cbr.org.br\/es\/abcdi-cbr-e-fdc-promovem-curso-focado-em-formacao-e-atualizacao-para-liderancas-setor-garanta-sua-inscricao\/","title":{"rendered":"ABCDI-CBR y FDC impulsan curso enfocado a la formaci\u00f3n y actualizaci\u00f3n para l\u00edderes de la industria. \u00a1Asegura tu registro!"},"content":{"rendered":"<p>Ya est\u00e1n abiertas las inscripciones para el primer m\u00f3dulo del curso \u201cRadiolog\u00eda, en la Transici\u00f3n de los Sistemas de Salud, en Brasil y en el Mundo\u201d, promovido por la Asociaci\u00f3n Brasile\u00f1a de Cl\u00ednicas de Diagn\u00f3stico por Imagen (ABCDI) y por el Colegio Brasile\u00f1o de Radiolog\u00eda y Diagn\u00f3stico por Imagem (CBR) en sociedad con la Funda\u00e7\u00e3o Dom Cabral (FDC), considerada una de las mejores escuelas de negocios del mundo.<\/p>\n<p>Los principales objetivos de la actividad son la actualizaci\u00f3n de los l\u00edderes del sector, as\u00ed como la formaci\u00f3n de nuevos l\u00edderes, en un mundo que cambia r\u00e1pidamente. Con un enfoque innovador, est\u00e1 dirigido a participantes con perfil emprendedor, que puedan o no tener negocios propios, as\u00ed como a responsables de centros de apoyo al diagn\u00f3stico especializados en imagen.<\/p>\n<p>El curso tendr\u00e1 lugar los d\u00edas 16 y 17 de marzo en la sede de la CBR (Av. Paulista, 37 \u2013 7\u00b0 piso \u2013 Bela Vista \u2013 S\u00e3o Paulo) y los miembros del Colegio tienen descuento exclusivo.<\/p>\n<p>\u00bfInteresado? Hacer clic <a href=\"https:\/\/cbr.org.br\/es\/educacao\/curso-fdc\/\">aqu\u00ed<\/a>\u00a0\u00a1y reg\u00edstrate!<\/p>","protected":false},"excerpt":{"rendered":"<p>Ya est\u00e1n abiertas las inscripciones para el primer m\u00f3dulo del curso \u201cRadiolog\u00eda, en la Transici\u00f3n de los Sistemas de Salud en Brasil y en el Mundo\u201d, promovido por la Asociaci\u00f3n Brasile\u00f1a de Cl\u00ednicas de Diagn\u00f3stico por Imagen (ABCDI) y por el Colegio Brasile\u00f1o de Radiolog\u00eda y Diagn\u00f3stico por Imagem (CBR) en sociedad con la Funda\u00e7\u00e3o Dom Cabral (FDC), consider\u00f3 \u2026 <a href=\"https:\/\/cbr.org.br\/es\/abcdi-cbr-e-fdc-promovem-curso-focado-em-formacao-e-atualizacao-para-liderancas-setor-garanta-sua-inscricao\/\">Sigue leyendo<\/a><\/p>","protected":false},"author":8,"featured_media":19505,"comment_status":"closed","ping_status":"open","sticky":false,"template":"","format":"standard","meta":{"_acf_changed":false,"footnotes":""},"categories":[675,1],"tags":[122,50,111,320,96,66],"class_list":["post-19553","post","type-post","status-publish","format-standard","has-post-thumbnail","hentry","category-abcdi","category-sem-categoria","tag-abcdi","tag-cbr","tag-diagnostico-por-imagem","tag-evento","tag-radiologia","tag-radiologista"],"acf":[],"_links":{"self":[{"href":"https:\/\/cbr.org.br\/es\/wp-json\/wp\/v2\/posts\/19553","targetHints":{"allow":["GET"]}}],"collection":[{"href":"https:\/\/cbr.org.br\/es\/wp-json\/wp\/v2\/posts"}],"about":[{"href":"https:\/\/cbr.org.br\/es\/wp-json\/wp\/v2\/types\/post"}],"author":[{"embeddable":true,"href":"https:\/\/cbr.org.br\/es\/wp-json\/wp\/v2\/users\/8"}],"replies":[{"embeddable":true,"href":"https:\/\/cbr.org.br\/es\/wp-json\/wp\/v2\/comments?post=19553"}],"version-history":[{"count":1,"href":"https:\/\/cbr.org.br\/es\/wp-json\/wp\/v2\/posts\/19553\/revisions"}],"predecessor-version":[{"id":51053,"href":"https:\/\/cbr.org.br\/es\/wp-json\/wp\/v2\/posts\/19553\/revisions\/51053"}],"wp:featuredmedia":[{"embeddable":true,"href":"https:\/\/cbr.org.br\/es\/wp-json\/wp\/v2\/media\/19505"}],"wp:attachment":[{"href":"https:\/\/cbr.org.br\/es\/wp-json\/wp\/v2\/media?parent=19553"}],"wp:term":[{"taxonomy":"category","embeddable":true,"href":"https:\/\/cbr.org.br\/es\/wp-json\/wp\/v2\/categories?post=19553"},{"taxonomy":"post_tag","embeddable":true,"href":"https:\/\/cbr.org.br\/es\/wp-json\/wp\/v2\/tags?post=19553"}],"curies":[{"name":"wp","href":"https:\/\/api.w.org\/{rel}","templated":true}]}}