{"id":19557,"date":"2018-02-16T14:55:44","date_gmt":"2018-02-16T16:55:44","guid":{"rendered":"https:\/\/cbr.org.br\/?p=19557"},"modified":"2025-03-18T13:03:49","modified_gmt":"2025-03-18T16:03:49","slug":"curso-de-atualizacao-sera-realizado-nos-dias-23-e-24-de-marco-em-todas-regioes-pais","status":"publish","type":"post","link":"https:\/\/cbr.org.br\/es\/curso-de-atualizacao-sera-realizado-nos-dias-23-e-24-de-marco-em-todas-regioes-pais\/","title":{"rendered":"Curso de Actualizaci\u00f3n se realizar\u00e1 el 23 y 24 de marzo en todas las regiones del pa\u00eds"},"content":{"rendered":"<p>Realizado simult\u00e1neamente en todo Brasil, el Curso de Actualizaci\u00f3n es una iniciativa del Colegio Brasile\u00f1o de Radiolog\u00eda y Diagn\u00f3stico por Im\u00e1genes (CBR) y sus sociedades estatales y es considerado un importante congreso itinerante.<\/p>\n<p>Este a\u00f1o el evento se llevar\u00e1 a cabo los d\u00edas 23 y 24 de marzo y los temas tratados en las clases ser\u00e1n Neurorradiolog\u00eda, Medicina Interna, T\u00f3rax, Neuroimagen, Ultrasonograf\u00eda, Imagen de la Mujer, Pediatr\u00eda, entre otros.<\/p>\n<p>Debido a la proximidad geogr\u00e1fica, las regionales de Goi\u00e1s y del Distrito Federal realizar\u00e1n el curso juntas, adem\u00e1s de Paran\u00e1 y Santa Catarina.<\/p>\n<p>El Curso de Actualizaci\u00f3n se enfoca en la formaci\u00f3n continua y calificaci\u00f3n de profesionales en la especialidad, destac\u00e1ndose por la alta calidad de los disertantes y la amplia agenda de clases.<\/p>\n<p>Hacer clic <a href=\"https:\/\/cbr.org.br\/es\/educacao\/curso-atualizacao\/\">aqu\u00ed<\/a> y consultar el contenido program\u00e1tico.<\/p>","protected":false},"excerpt":{"rendered":"<p>Realizado simult\u00e1neamente en todo Brasil, el Curso de Actualizaci\u00f3n es una iniciativa del Colegio Brasile\u00f1o de Radiolog\u00eda y Diagn\u00f3stico por Im\u00e1genes (CBR) y sus sociedades estatales y es considerado un importante congreso itinerante. Este a\u00f1o el evento tendr\u00e1 lugar los d\u00edas 23 y 24 de marzo y los temas tratados en las clases ser\u00e1n Neurorradiolog\u00eda, Medicina Interna, T\u00f3rax,\u2026 <a href=\"https:\/\/cbr.org.br\/es\/curso-de-atualizacao-sera-realizado-nos-dias-23-e-24-de-marco-em-todas-regioes-pais\/\">Sigue leyendo<\/a><\/p>","protected":false},"author":8,"featured_media":0,"comment_status":"closed","ping_status":"closed","sticky":false,"template":"","format":"standard","meta":{"_acf_changed":false,"footnotes":""},"categories":[491],"tags":[244,50,714,78,111,84],"class_list":["post-19557","post","type-post","status-publish","format-standard","hentry","category-cbr-educa","tag-atualizacao","tag-cbr","tag-cbr_educa","tag-cursos","tag-diagnostico-por-imagem","tag-medicina-diagnostica"],"acf":[],"_links":{"self":[{"href":"https:\/\/cbr.org.br\/es\/wp-json\/wp\/v2\/posts\/19557","targetHints":{"allow":["GET"]}}],"collection":[{"href":"https:\/\/cbr.org.br\/es\/wp-json\/wp\/v2\/posts"}],"about":[{"href":"https:\/\/cbr.org.br\/es\/wp-json\/wp\/v2\/types\/post"}],"author":[{"embeddable":true,"href":"https:\/\/cbr.org.br\/es\/wp-json\/wp\/v2\/users\/8"}],"replies":[{"embeddable":true,"href":"https:\/\/cbr.org.br\/es\/wp-json\/wp\/v2\/comments?post=19557"}],"version-history":[{"count":1,"href":"https:\/\/cbr.org.br\/es\/wp-json\/wp\/v2\/posts\/19557\/revisions"}],"predecessor-version":[{"id":51055,"href":"https:\/\/cbr.org.br\/es\/wp-json\/wp\/v2\/posts\/19557\/revisions\/51055"}],"wp:attachment":[{"href":"https:\/\/cbr.org.br\/es\/wp-json\/wp\/v2\/media?parent=19557"}],"wp:term":[{"taxonomy":"category","embeddable":true,"href":"https:\/\/cbr.org.br\/es\/wp-json\/wp\/v2\/categories?post=19557"},{"taxonomy":"post_tag","embeddable":true,"href":"https:\/\/cbr.org.br\/es\/wp-json\/wp\/v2\/tags?post=19557"}],"curies":[{"name":"wp","href":"https:\/\/api.w.org\/{rel}","templated":true}]}}