{"id":20095,"date":"2018-04-11T16:08:44","date_gmt":"2018-04-11T19:08:44","guid":{"rendered":"https:\/\/cbr.org.br\/?p=20095"},"modified":"2025-03-18T13:31:25","modified_gmt":"2025-03-18T16:31:25","slug":"moratoria-estabelece-suspensao-na-criacao-de-novos-cursos-de-medicina-por-5-anos","status":"publish","type":"post","link":"https:\/\/cbr.org.br\/es\/moratoria-estabelece-suspensao-na-criacao-de-novos-cursos-de-medicina-por-5-anos\/","title":{"rendered":"Moratoria establece suspensi\u00f3n en creaci\u00f3n de nuevas carreras de Medicina por 5 a\u00f1os"},"content":{"rendered":"<p>Dos Ordenanzas que atienden las demandas de la Asociaci\u00f3n M\u00e9dica Brasile\u00f1a (AMB), el Consejo Federal de Medicina (CFM) y otras entidades m\u00e9dicas fueron firmadas el 5 de abril pasado, en Brasilia.\u00a0<span data-ccp-props=\"{&quot;201341983&quot;:0,&quot;335559739&quot;:160,&quot;335559740&quot;:259}\">\u00a0<\/span><\/p>\n<p>El hecho es el resultado de numerosas denuncias realizadas al Gobierno Federal sobre la apertura desenfrenada de las facultades de medicina en Brasil. Adem\u00e1s de la moratoria, la ordenanza tambi\u00e9n atiende a otra reivindicaci\u00f3n del AMB: la creaci\u00f3n de un grupo de trabajo para subvencionar la reordenaci\u00f3n de la formaci\u00f3n m\u00e9dica, con foco en la mejora de la calidad profesional de los m\u00e9dicos.<\/p>\n<p>Seg\u00fan la AMB, adem\u00e1s de esta remisi\u00f3n, tambi\u00e9n existe la necesidad de establecer el Examen Nacional de Suficiencia para los egresados de las facultades de medicina, dado que de los 2.636 m\u00e9dicos que participaron en la prueba Cremesp 2017, m\u00e1s de 35% acertaron menos de 60% de las 120 preguntas de la prueba, porcentaje considerado m\u00ednimo para su aprobaci\u00f3n.<\/p>\n<p>En Brasil existen actualmente 302 facultades de medicina, y entre 2003 y 2018 se crearon 178 facultades de medicina.<\/p>\n\n\n<p><\/p>","protected":false},"excerpt":{"rendered":"<p>Dos Ordenanzas que atienden las demandas de la Asociaci\u00f3n M\u00e9dica Brasile\u00f1a (AMB), el Consejo Federal de Medicina (CFM) y otras entidades m\u00e9dicas fueron firmadas el 5 de abril pasado, en Brasilia. El hecho es el resultado de numerosas denuncias realizadas al Gobierno Federal sobre la apertura desenfrenada de las facultades de medicina en Brasil. Adem\u00e1s de la moratoria, la ordenanza... <a href=\"https:\/\/cbr.org.br\/es\/moratoria-estabelece-suspensao-na-criacao-de-novos-cursos-de-medicina-por-5-anos\/\">Sigue leyendo<\/a><\/p>","protected":false},"author":8,"featured_media":20098,"comment_status":"closed","ping_status":"closed","sticky":false,"template":"","format":"standard","meta":{"_acf_changed":false,"footnotes":""},"categories":[14],"tags":[50,665,751,678],"class_list":["post-20095","post","type-post","status-publish","format-standard","has-post-thumbnail","hentry","category-assunto-legal","tag-cbr","tag-cbr_radiologia","tag-cursos-de-medicina","tag-medicina-diagnostica-2"],"acf":[],"_links":{"self":[{"href":"https:\/\/cbr.org.br\/es\/wp-json\/wp\/v2\/posts\/20095","targetHints":{"allow":["GET"]}}],"collection":[{"href":"https:\/\/cbr.org.br\/es\/wp-json\/wp\/v2\/posts"}],"about":[{"href":"https:\/\/cbr.org.br\/es\/wp-json\/wp\/v2\/types\/post"}],"author":[{"embeddable":true,"href":"https:\/\/cbr.org.br\/es\/wp-json\/wp\/v2\/users\/8"}],"replies":[{"embeddable":true,"href":"https:\/\/cbr.org.br\/es\/wp-json\/wp\/v2\/comments?post=20095"}],"version-history":[{"count":1,"href":"https:\/\/cbr.org.br\/es\/wp-json\/wp\/v2\/posts\/20095\/revisions"}],"predecessor-version":[{"id":51073,"href":"https:\/\/cbr.org.br\/es\/wp-json\/wp\/v2\/posts\/20095\/revisions\/51073"}],"wp:featuredmedia":[{"embeddable":true,"href":"https:\/\/cbr.org.br\/es\/wp-json\/wp\/v2\/media\/20098"}],"wp:attachment":[{"href":"https:\/\/cbr.org.br\/es\/wp-json\/wp\/v2\/media?parent=20095"}],"wp:term":[{"taxonomy":"category","embeddable":true,"href":"https:\/\/cbr.org.br\/es\/wp-json\/wp\/v2\/categories?post=20095"},{"taxonomy":"post_tag","embeddable":true,"href":"https:\/\/cbr.org.br\/es\/wp-json\/wp\/v2\/tags?post=20095"}],"curies":[{"name":"wp","href":"https:\/\/api.w.org\/{rel}","templated":true}]}}