{"id":20235,"date":"2018-04-25T18:42:27","date_gmt":"2018-04-25T21:42:27","guid":{"rendered":"https:\/\/cbr.org.br\/?p=20235"},"modified":"2025-03-18T13:46:48","modified_gmt":"2025-03-18T16:46:48","slug":"novidade-2a-edicao-livro-cbr-coluna-vertebral-chega-ao-mercado","status":"publish","type":"post","link":"https:\/\/cbr.org.br\/es\/novidade-2a-edicao-livro-cbr-coluna-vertebral-chega-ao-mercado\/","title":{"rendered":"Nuevo: llega al mercado la segunda edici\u00f3n del libro CBR Spine Vertebral"},"content":{"rendered":"<p style=\"text-align: center;\"><em>El t\u00edtulo forma parte de la serie CBR, una colecci\u00f3n de m\u00e1s de 10 trabajos escritos por renombrados radi\u00f3logos brasile\u00f1os con prestigio en la comunidad cient\u00edfica.<\/em><\/p>\n<p>Lanzado en 2011, se convirti\u00f3 en un libro de gran referencia en el campo de la Radiolog\u00eda, ganando incluso el Premio Jabuti, el m\u00e1s alto de la literatura brasile\u00f1a. Ahora ha llegado el momento de lanzar su 2\u00aa edici\u00f3n, que trae varias novedades, como la mejora de la did\u00e1ctica con la actualizaci\u00f3n de varios cap\u00edtulos y la inclusi\u00f3n de tres (Cap\u00edtulo 17 \u2013 <em>Lesiones espinales raras<\/em>, Cap\u00edtulo 18 \u2013 <em>pasaje craneovertebral<\/em>, Cap\u00edtulo 19 \u2013 <em>Plexos lumbosacro y braquial<\/em>). El libro tambi\u00e9n incluye m\u00e1s de 400 im\u00e1genes nuevas.<\/p>\n<p>La 2\u00aa edici\u00f3n de <em>Columna Vertebral CBR<\/em> cuenta con la colaboraci\u00f3n de los m\u00e1s grandes especialistas brasile\u00f1os. Presenta la anatom\u00eda, las t\u00e9cnicas tradicionales y avanzadas y el estudio de las enfermedades de la columna vertebral y los respectivos diagn\u00f3sticos por im\u00e1genes. Se revisaron y actualizaron terminolog\u00edas y referencias bibliogr\u00e1ficas, se incluyeron nuevos diagramas y casos did\u00e1cticos para hacerlo a\u00fan m\u00e1s completo.<\/p>\n<p>El libro ayuda en la formaci\u00f3n de nuevos radi\u00f3logos brasile\u00f1os y permite la actualizaci\u00f3n y consulta de especialistas en Radiolog\u00eda y Diagn\u00f3stico por Im\u00e1genes. Adem\u00e1s, trae todo el material de referencia para facilitar el estudio de los residentes que aspiran a obtener el T\u00edtulo de Especialista o el Certificado de Pr\u00e1cticas emitido por el Colegio.<\/p>\n<p>El lanzamiento oficial tendr\u00e1 lugar durante la 48\u00aa Jornada de Radiolog\u00eda de S\u00e3o Paulo, el d\u00eda 3 de mayo (jueves), a partir de las 15h50, en el Sal\u00f3n \u2013 Lanzamiento del Libro (Hall D).<\/p>\n\n\n<p><\/p>","protected":false},"excerpt":{"rendered":"<p>El t\u00edtulo forma parte de la serie CBR, una colecci\u00f3n de m\u00e1s de 10 obras escritas por renombrados radi\u00f3logos brasile\u00f1os de prestigio en la comunidad cient\u00edfica de la literatura brasile\u00f1a. Ahora es el momento de lanzar... <a href=\"https:\/\/cbr.org.br\/es\/novidade-2a-edicao-livro-cbr-coluna-vertebral-chega-ao-mercado\/\">Sigue leyendo<\/a><\/p>","protected":false},"author":8,"featured_media":0,"comment_status":"closed","ping_status":"closed","sticky":false,"template":"","format":"standard","meta":{"_acf_changed":false,"footnotes":""},"categories":[10],"tags":[50,665,753,754,678],"class_list":["post-20235","post","type-post","status-publish","format-standard","hentry","category-institucional","tag-cbr","tag-cbr_radiologia","tag-livr-cbr","tag-livro-cbr","tag-medicina-diagnostica-2"],"acf":[],"_links":{"self":[{"href":"https:\/\/cbr.org.br\/es\/wp-json\/wp\/v2\/posts\/20235","targetHints":{"allow":["GET"]}}],"collection":[{"href":"https:\/\/cbr.org.br\/es\/wp-json\/wp\/v2\/posts"}],"about":[{"href":"https:\/\/cbr.org.br\/es\/wp-json\/wp\/v2\/types\/post"}],"author":[{"embeddable":true,"href":"https:\/\/cbr.org.br\/es\/wp-json\/wp\/v2\/users\/8"}],"replies":[{"embeddable":true,"href":"https:\/\/cbr.org.br\/es\/wp-json\/wp\/v2\/comments?post=20235"}],"version-history":[{"count":1,"href":"https:\/\/cbr.org.br\/es\/wp-json\/wp\/v2\/posts\/20235\/revisions"}],"predecessor-version":[{"id":51079,"href":"https:\/\/cbr.org.br\/es\/wp-json\/wp\/v2\/posts\/20235\/revisions\/51079"}],"wp:attachment":[{"href":"https:\/\/cbr.org.br\/es\/wp-json\/wp\/v2\/media?parent=20235"}],"wp:term":[{"taxonomy":"category","embeddable":true,"href":"https:\/\/cbr.org.br\/es\/wp-json\/wp\/v2\/categories?post=20235"},{"taxonomy":"post_tag","embeddable":true,"href":"https:\/\/cbr.org.br\/es\/wp-json\/wp\/v2\/tags?post=20235"}],"curies":[{"name":"wp","href":"https:\/\/api.w.org\/{rel}","templated":true}]}}