{"id":20243,"date":"2018-04-25T18:43:39","date_gmt":"2018-04-25T21:43:39","guid":{"rendered":"https:\/\/cbr.org.br\/?p=20243"},"modified":"2025-03-18T13:58:04","modified_gmt":"2025-03-18T16:58:04","slug":"cbr18-confira-programacao-cientifica-preliminar-no-site-congresso","status":"publish","type":"post","link":"https:\/\/cbr.org.br\/es\/cbr18-confira-programacao-cientifica-preliminar-no-site-congresso\/","title":{"rendered":"CBR18: \u00a1Consulte el programa cient\u00edfico preliminar en el sitio web del congreso!"},"content":{"rendered":"<p>Ya puede consultar la programaci\u00f3n preliminar de la 47\u00aa edici\u00f3n de CBR18 en el sitio web y planificar este gran evento de la Radiolog\u00eda brasile\u00f1a. Este a\u00f1o el congreso tendr\u00e1 lugar en el Windsor Convention &amp; Expo Center \u2013 Barra da Tijuca, en R\u00edo de Janeiro, y se han preparado varias novedades para los congresistas.<\/p>\n<p>Los temas est\u00e1n divididos por salas y temas y pr\u00f3ximamente tambi\u00e9n estar\u00e1n disponibles los nombres de los ponentes. Solo inicia sesi\u00f3n <span style=\"color: #0000ff;\"><a style=\"color: #0000ff;\" href=\"http:\/\/www.congressocbr.com.br\/\">www.congressocbr.com.br<\/a><\/span> y consulte el men\u00fa \u201cProgramaci\u00f3n\u201d para comprobar todas las actividades.<\/p>\n<p>En esta edici\u00f3n del congreso, las conferencias se dividir\u00e1n en diferentes \u00e1reas de actividad en Radiolog\u00eda, con la incorporaci\u00f3n de actividades relacionadas con la Imagen en Pediatr\u00eda y sesiones interactivas.<\/p>\n<p>\u201cRadiolog\u00eda Pedi\u00e1trica tendr\u00e1 su participaci\u00f3n repartida en las diferentes salas sin superponerse, es decir, los interesados en esta \u00e1rea espec\u00edfica podr\u00e1n seguir las conferencias impartidas y estas tambi\u00e9n se realizar\u00e1n en las distintas subespecialidades\u201d, explica el Dr. Dante Escuissato, director cient\u00edfico de CBR18.<\/p>\n<p>En CBR17, realizado en Curitiba, hubo una sala solo para las sesiones interactivas. En esta edici\u00f3n, estas conferencias estar\u00e1n distribuidas en diferentes salas, integradas a los diferentes cursos. El principal objetivo del cambio es brindar mayor comodidad a los congresistas.<\/p>\n<p>Adem\u00e1s de las diversas actividades en el modelo <em>las manos en<\/em> ofrecido en la anterior edici\u00f3n del congreso, este a\u00f1o el programa contar\u00e1 con otra actividad pr\u00e1ctica, que trata sobre la aplicaci\u00f3n de PI-RADS (<em>Sistema de datos e informes de im\u00e1genes de la pr\u00f3stata<\/em>).<\/p>\n<p>Otra actividad que tendr\u00e1 lugar especialmente en esta edici\u00f3n es la <em>Curso de Divulgaci\u00f3n<\/em>, promovida en colaboraci\u00f3n con el <em>Sociedad Esquel\u00e9tica Internacional<\/em> (ISS), una sociedad interdisciplinaria dedicada al aprendizaje, comprensi\u00f3n y ense\u00f1anza de los trastornos musculoesquel\u00e9ticos. El tema ser\u00e1 sobre la correlaci\u00f3n anatomopatol\u00f3gica de los tumores \u00f3seos y de partes blandas.<\/p>\n<p>El programa CBR 2018 contar\u00e1 con disertantes en diferentes \u00e1reas en asociaci\u00f3n con sociedades m\u00e9dicas norteamericanas y europeas. Adem\u00e1s, habr\u00e1 un m\u00f3dulo de trabajos que se presentar\u00e1n en forma de Paneles Electr\u00f3nicos y Temas Libres.<\/p>\n<p>\u00a1Sigue todas las novedades en la web del congreso y en nuestras redes sociales!<\/p>","protected":false},"excerpt":{"rendered":"<p>Ya puede consultar la programaci\u00f3n preliminar de la 47\u00aa edici\u00f3n de CBR18 en el sitio web y planificar este gran evento de la Radiolog\u00eda brasile\u00f1a. Este a\u00f1o el congreso tendr\u00e1 lugar en el Windsor Convention &amp; Expo Center \u2013 Barra da Tijuca, en R\u00edo de Janeiro, y se han preparado varias novedades para los congresistas. Los asuntos se dividen... <a href=\"https:\/\/cbr.org.br\/es\/cbr18-confira-programacao-cientifica-preliminar-no-site-congresso\/\">Sigue leyendo<\/a><\/p>","protected":false},"author":8,"featured_media":20025,"comment_status":"closed","ping_status":"closed","sticky":false,"template":"","format":"standard","meta":{"_acf_changed":false,"footnotes":""},"categories":[9],"tags":[347,80,111,84],"class_list":["post-20243","post","type-post","status-publish","format-standard","has-post-thumbnail","hentry","category-congresso","tag-cbr18","tag-congresso","tag-diagnostico-por-imagem","tag-medicina-diagnostica"],"acf":[],"_links":{"self":[{"href":"https:\/\/cbr.org.br\/es\/wp-json\/wp\/v2\/posts\/20243","targetHints":{"allow":["GET"]}}],"collection":[{"href":"https:\/\/cbr.org.br\/es\/wp-json\/wp\/v2\/posts"}],"about":[{"href":"https:\/\/cbr.org.br\/es\/wp-json\/wp\/v2\/types\/post"}],"author":[{"embeddable":true,"href":"https:\/\/cbr.org.br\/es\/wp-json\/wp\/v2\/users\/8"}],"replies":[{"embeddable":true,"href":"https:\/\/cbr.org.br\/es\/wp-json\/wp\/v2\/comments?post=20243"}],"version-history":[{"count":1,"href":"https:\/\/cbr.org.br\/es\/wp-json\/wp\/v2\/posts\/20243\/revisions"}],"predecessor-version":[{"id":51083,"href":"https:\/\/cbr.org.br\/es\/wp-json\/wp\/v2\/posts\/20243\/revisions\/51083"}],"wp:featuredmedia":[{"embeddable":true,"href":"https:\/\/cbr.org.br\/es\/wp-json\/wp\/v2\/media\/20025"}],"wp:attachment":[{"href":"https:\/\/cbr.org.br\/es\/wp-json\/wp\/v2\/media?parent=20243"}],"wp:term":[{"taxonomy":"category","embeddable":true,"href":"https:\/\/cbr.org.br\/es\/wp-json\/wp\/v2\/categories?post=20243"},{"taxonomy":"post_tag","embeddable":true,"href":"https:\/\/cbr.org.br\/es\/wp-json\/wp\/v2\/tags?post=20243"}],"curies":[{"name":"wp","href":"https:\/\/api.w.org\/{rel}","templated":true}]}}