{"id":20328,"date":"2018-05-09T16:51:07","date_gmt":"2018-05-09T19:51:07","guid":{"rendered":"https:\/\/cbr.org.br\/?p=20328"},"modified":"2025-03-18T16:08:58","modified_gmt":"2025-03-18T19:08:58","slug":"processo-eleitoral-cbr-tera-inicio-em-junho","status":"publish","type":"post","link":"https:\/\/cbr.org.br\/es\/processo-eleitoral-cbr-tera-inicio-em-junho\/","title":{"rendered":"Proceso electoral de CBR comenzar\u00e1 en junio"},"content":{"rendered":"<p>Fue aprobado el calendario del proceso electoral que decidir\u00e1 el directorio del Colegio Brasile\u00f1o de Radiolog\u00eda y Diagn\u00f3stico por Imagen (CBR) para el bienio 2019\/2020.<\/p>\n<p>El registro de placas se realizar\u00e1 entre el 25 de junio y el 12 de julio de 2018. La campa\u00f1a electoral se realizar\u00e1 del 23 de julio al 13 de septiembre de 2018.<\/p>\n<p>Como en los \u00faltimos a\u00f1os, la votaci\u00f3n y el escrutinio se realizar\u00e1n por v\u00eda electr\u00f3nica, a cargo de una empresa especializada, encargada de velar por el secreto de todos los votos.<\/p>\n<p>Durante el mes de agosto, se enviar\u00e1 el nombre de usuario y la contrase\u00f1a individuales a todos los miembros elegibles para votar. La votaci\u00f3n tendr\u00e1 lugar del 3 al 13 de septiembre, mientras que el escrutinio tendr\u00e1 lugar el 14 de septiembre. La divulgaci\u00f3n oficial del resultado tendr\u00e1 lugar el 14 de septiembre, por cualquier medio de comunicaci\u00f3n oficial, con declaraci\u00f3n oficial del directorio elegido durante la Asamblea General Ordinaria, que se realizar\u00e1 en el Congreso Brasile\u00f1o de Radiolog\u00eda 2018 (CBR18), en el ciudad de R\u00edo de Janeiro.<\/p>\n<p>Es importante recordar que los miembros al corriente de las obligaciones estatutarias del Colegio deber\u00e1n mantener actualizados sus datos de registro, ya que el usuario y la contrase\u00f1a para votar ser\u00e1n enviados por correo electr\u00f3nico.<\/p>\n<p>Consulta tus datos en el Espacio de Socios del portal CBR lo antes posible y, si es necesario, actual\u00edzalos.<\/p>\n<p><strong>calendario electoral<\/strong><\/p>\n<p><strong>registro de placas<\/strong><\/p>\n<p>Desde las 9:00 horas del 25 de junio hasta las 18:00 horas del 12 de julio de 2018.<\/p>\n<p><strong>Campa\u00f1a electoral<\/strong><\/p>\n<p>Desde las 00:00 horas del 23 de julio hasta las 23:59:59 horas del 13 de septiembre de 2018<\/p>\n<p><strong>Env\u00edo de nombre de usuario y contrase\u00f1a individuales a todos los miembros que pueden votar<\/strong><\/p>\n<p>27 de agosto<\/p>\n<p><strong>votar<\/strong><\/p>\n<p>Desde las 00:00 horas del 3 de septiembre hasta las 23:59:59 horas del 13 de septiembre de 2018<\/p>\n<p><strong>conteo de votos<\/strong><\/p>\n<p>14 de septiembre de 2018<\/p>\n<p><strong>Divulgaci\u00f3n del resultado<\/strong><\/p>\n<p>14 de septiembre de 2018<\/p>\n<p><a href=\"https:\/\/cbr.org.br\/wp-content\/uploads\/2018\/06\/Regimento-eleitoral-CBR1-1.pdf\">Consulta las bases electorales aqu\u00ed.<\/a><\/p>","protected":false},"excerpt":{"rendered":"<p>Fue aprobado el calendario del proceso electoral que decidir\u00e1 el directorio del Colegio Brasile\u00f1o de Radiolog\u00eda y Diagn\u00f3stico por Imagen (CBR) para el bienio 2019\/2020. El registro de placas se realizar\u00e1 entre el 25 de junio y el 12 de julio de 2018. La campa\u00f1a electoral se realizar\u00e1 del 23 de julio al 13 de septiembre\u2026 <a href=\"https:\/\/cbr.org.br\/es\/processo-eleitoral-cbr-tera-inicio-em-junho\/\">Sigue leyendo<\/a><\/p>","protected":false},"author":8,"featured_media":20336,"comment_status":"closed","ping_status":"closed","sticky":false,"template":"","format":"standard","meta":{"_acf_changed":false,"footnotes":""},"categories":[10],"tags":[50,665,497,84],"class_list":["post-20328","post","type-post","status-publish","format-standard","has-post-thumbnail","hentry","category-institucional","tag-cbr","tag-cbr_radiologia","tag-eleicoes-cbr","tag-medicina-diagnostica"],"acf":[],"_links":{"self":[{"href":"https:\/\/cbr.org.br\/es\/wp-json\/wp\/v2\/posts\/20328","targetHints":{"allow":["GET"]}}],"collection":[{"href":"https:\/\/cbr.org.br\/es\/wp-json\/wp\/v2\/posts"}],"about":[{"href":"https:\/\/cbr.org.br\/es\/wp-json\/wp\/v2\/types\/post"}],"author":[{"embeddable":true,"href":"https:\/\/cbr.org.br\/es\/wp-json\/wp\/v2\/users\/8"}],"replies":[{"embeddable":true,"href":"https:\/\/cbr.org.br\/es\/wp-json\/wp\/v2\/comments?post=20328"}],"version-history":[{"count":1,"href":"https:\/\/cbr.org.br\/es\/wp-json\/wp\/v2\/posts\/20328\/revisions"}],"predecessor-version":[{"id":51105,"href":"https:\/\/cbr.org.br\/es\/wp-json\/wp\/v2\/posts\/20328\/revisions\/51105"}],"wp:featuredmedia":[{"embeddable":true,"href":"https:\/\/cbr.org.br\/es\/wp-json\/wp\/v2\/media\/20336"}],"wp:attachment":[{"href":"https:\/\/cbr.org.br\/es\/wp-json\/wp\/v2\/media?parent=20328"}],"wp:term":[{"taxonomy":"category","embeddable":true,"href":"https:\/\/cbr.org.br\/es\/wp-json\/wp\/v2\/categories?post=20328"},{"taxonomy":"post_tag","embeddable":true,"href":"https:\/\/cbr.org.br\/es\/wp-json\/wp\/v2\/tags?post=20328"}],"curies":[{"name":"wp","href":"https:\/\/api.w.org\/{rel}","templated":true}]}}