{"id":20726,"date":"2018-07-04T17:40:17","date_gmt":"2018-07-04T20:40:17","guid":{"rendered":"https:\/\/cbr.org.br\/?p=20726"},"modified":"2025-03-19T10:29:26","modified_gmt":"2025-03-19T13:29:26","slug":"novo-parecer-sobre-ultrassonografia-de-mamas-e-axilas","status":"publish","type":"post","link":"https:\/\/cbr.org.br\/es\/novo-parecer-sobre-ultrassonografia-de-mamas-e-axilas\/","title":{"rendered":"Nuevo dictamen sobre ecograf\u00eda mamaria y axilar"},"content":{"rendered":"<p>La Comisi\u00f3n Nacional de Mamograf\u00eda del Colegio Brasile\u00f1o de Radiolog\u00eda y Diagn\u00f3stico por Im\u00e1genes (CBR), a trav\u00e9s del nuevo dictamen del CBR ratificado por la Asociaci\u00f3n M\u00e9dica Brasile\u00f1a (AMB), informa:<\/p>\n<p>La ecograf\u00eda es un examen importante en la evaluaci\u00f3n mamaria, con indicaciones espec\u00edficas. Se utiliza principalmente para caracterizar cambios palpables o detectados en la mamograf\u00eda (generalmente n\u00f3dulos y asimetr\u00edas), as\u00ed como para el cribado complementario a la mamograf\u00eda en el grupo de mujeres con mamas densas.<\/p>\n<p>Tiene amplia disponibilidad y costo asequible, con buena precisi\u00f3n.<\/p>\n<p>Consultada recientemente, la AMB inform\u00f3 que la valoraci\u00f3n de la ecograf\u00eda mamaria (4.09.01.11-4 \u2013 US Breasts) no incluye la valoraci\u00f3n de las axilas. As\u00ed, en los casos en que la evaluaci\u00f3n de las mamas y axilas sea solicitada por el m\u00e9dico tratante, se deber\u00e1n utilizar los dos c\u00f3digos disponibles en la Tabla CBHPM (o similares):<\/p>\n<p>\u2013 Refiri\u00e9ndose a los senos (4.09.01.11-4 \u2013 US Breasts);<\/p>\n<p>\u2013 Refiri\u00e9ndose a las axilas (4.09.01.21-1 \u2013 Estructuras superficiales de EE. UU. \u2013 cervical o axila o m\u00fasculo o tend\u00f3n).<\/p>\n<p><strong>Comisi\u00f3n Nacional de Mamograf\u00eda y Defensa Profesional de la CBR<\/strong><\/p>\n<p><strong>\u00a0<\/strong><\/p>","protected":false},"excerpt":{"rendered":"<p>La Comisi\u00f3n Nacional de Mamograf\u00eda del Colegio Brasile\u00f1o de Radiolog\u00eda y Diagn\u00f3stico por Imagen (CBR), a trav\u00e9s del nuevo dictamen del CBR ratificado por la Asociaci\u00f3n M\u00e9dica Brasile\u00f1a (AMB), informa: La ultrasonograf\u00eda es un examen importante en la evaluaci\u00f3n mamaria, presentando indicaciones espec\u00edficas. Se utiliza principalmente para caracterizar cambios palpables o detectados en mamograf\u00eda (generalmente n\u00f3dulos y\u2026 <a href=\"https:\/\/cbr.org.br\/es\/novo-parecer-sobre-ultrassonografia-de-mamas-e-axilas\/\">Sigue leyendo<\/a><\/p>","protected":false},"author":8,"featured_media":20736,"comment_status":"closed","ping_status":"closed","sticky":false,"template":"","format":"standard","meta":{"_acf_changed":false,"footnotes":""},"categories":[21],"tags":[118,50,665,659,766],"class_list":["post-20726","post","type-post","status-publish","format-standard","has-post-thumbnail","hentry","category-pareceres","tag-amb","tag-cbr","tag-cbr_radiologia","tag-usg","tag-usg-mamas"],"acf":[],"_links":{"self":[{"href":"https:\/\/cbr.org.br\/es\/wp-json\/wp\/v2\/posts\/20726","targetHints":{"allow":["GET"]}}],"collection":[{"href":"https:\/\/cbr.org.br\/es\/wp-json\/wp\/v2\/posts"}],"about":[{"href":"https:\/\/cbr.org.br\/es\/wp-json\/wp\/v2\/types\/post"}],"author":[{"embeddable":true,"href":"https:\/\/cbr.org.br\/es\/wp-json\/wp\/v2\/users\/8"}],"replies":[{"embeddable":true,"href":"https:\/\/cbr.org.br\/es\/wp-json\/wp\/v2\/comments?post=20726"}],"version-history":[{"count":1,"href":"https:\/\/cbr.org.br\/es\/wp-json\/wp\/v2\/posts\/20726\/revisions"}],"predecessor-version":[{"id":51132,"href":"https:\/\/cbr.org.br\/es\/wp-json\/wp\/v2\/posts\/20726\/revisions\/51132"}],"wp:featuredmedia":[{"embeddable":true,"href":"https:\/\/cbr.org.br\/es\/wp-json\/wp\/v2\/media\/20736"}],"wp:attachment":[{"href":"https:\/\/cbr.org.br\/es\/wp-json\/wp\/v2\/media?parent=20726"}],"wp:term":[{"taxonomy":"category","embeddable":true,"href":"https:\/\/cbr.org.br\/es\/wp-json\/wp\/v2\/categories?post=20726"},{"taxonomy":"post_tag","embeddable":true,"href":"https:\/\/cbr.org.br\/es\/wp-json\/wp\/v2\/tags?post=20726"}],"curies":[{"name":"wp","href":"https:\/\/api.w.org\/{rel}","templated":true}]}}