{"id":21320,"date":"2018-08-29T17:50:31","date_gmt":"2018-08-29T20:50:31","guid":{"rendered":"https:\/\/cbr.org.br\/?p=21320"},"modified":"2025-03-18T16:14:26","modified_gmt":"2025-03-18T19:14:26","slug":"entidades-medicas-encaminham-propostas-aos-presidenciaveis","status":"publish","type":"post","link":"https:\/\/cbr.org.br\/es\/entidades-medicas-encaminham-propostas-aos-presidenciaveis\/","title":{"rendered":"Entidades m\u00e9dicas adelantan propuestas a candidatos presidenciales"},"content":{"rendered":"<p>Las entidades m\u00e9dicas nacionales, el Consejo Federal de Medicina (CFM), la Asociaci\u00f3n M\u00e9dica Brasile\u00f1a (AMB), la Federaci\u00f3n M\u00e9dica Brasile\u00f1a (FMB), la Federaci\u00f3n Nacional de M\u00e9dicos (Fenam) y la Asociaci\u00f3n Nacional de M\u00e9dicos Residentes (ANMR) lanzaron un manifiesto a los candidatos a Presidente de la Rep\u00fablica con propuestas para mejorar la salud en Brasil, que fue elaborado durante el XIII Encuentro Nacional de Entidades M\u00e9dicas (XIII Enem) y comenz\u00f3 a ser enviado en agosto a los candidatos presidenciales debidamente registrados en el Tribunal Superior Electoral ( EET).<\/p>\n<p>El objetivo del manifiesto es exigir respuestas y soluciones a los problemas que comprometen el rumbo de la salud y la medicina. El documento tambi\u00e9n ser\u00e1 entregado por los Consejos M\u00e9dicos Regionales (CRM) a los candidatos al Gobierno del Estado, al Senado Federal, a la C\u00e1mara de Diputados ya las Asambleas Legislativas Estatales y Distritales.<\/p>\n<p>Accede al portal de CFM y consulta el manifiesto:<\/p>\n<p><a href=\"http:\/\/portal.cfm.org.br\/index.php?option=com_content&amp;view=article&amp;id=27755:2018-08-02-16-09-52&amp;catid=3\">http:\/\/portal.cfm.org.br\/index.php?option=com_content&amp;view=article&amp;id=27755:2018-08-02-16-09-52&amp;catid=3<\/a><\/p>","protected":false},"excerpt":{"rendered":"<p>Las entidades m\u00e9dicas nacionales, el Consejo Federal de Medicina (CFM), la Asociaci\u00f3n M\u00e9dica Brasile\u00f1a (AMB), la Federaci\u00f3n M\u00e9dica Brasile\u00f1a (FMB), la Federaci\u00f3n Nacional de M\u00e9dicos (Fenam) y la Asociaci\u00f3n Nacional de M\u00e9dicos Residentes (ANMR) lanzaron un manifiesto a los candidatos a Presidente de la Rep\u00fablica con propuestas para mejorar la salud en Brasil, que fueron elaborados durante el XIII \u2026 <a href=\"https:\/\/cbr.org.br\/es\/entidades-medicas-encaminham-propostas-aos-presidenciaveis\/\">Sigue leyendo<\/a><\/p>","protected":false},"author":8,"featured_media":21328,"comment_status":"closed","ping_status":"closed","sticky":false,"template":"","format":"standard","meta":{"_acf_changed":false,"footnotes":""},"categories":[14],"tags":[118,50,665,162,760,359],"class_list":["post-21320","post","type-post","status-publish","format-standard","has-post-thumbnail","hentry","category-assunto-legal","tag-amb","tag-cbr","tag-cbr_radiologia","tag-cfm","tag-fenam","tag-presidenciaveis"],"acf":[],"_links":{"self":[{"href":"https:\/\/cbr.org.br\/es\/wp-json\/wp\/v2\/posts\/21320","targetHints":{"allow":["GET"]}}],"collection":[{"href":"https:\/\/cbr.org.br\/es\/wp-json\/wp\/v2\/posts"}],"about":[{"href":"https:\/\/cbr.org.br\/es\/wp-json\/wp\/v2\/types\/post"}],"author":[{"embeddable":true,"href":"https:\/\/cbr.org.br\/es\/wp-json\/wp\/v2\/users\/8"}],"replies":[{"embeddable":true,"href":"https:\/\/cbr.org.br\/es\/wp-json\/wp\/v2\/comments?post=21320"}],"version-history":[{"count":1,"href":"https:\/\/cbr.org.br\/es\/wp-json\/wp\/v2\/posts\/21320\/revisions"}],"predecessor-version":[{"id":51109,"href":"https:\/\/cbr.org.br\/es\/wp-json\/wp\/v2\/posts\/21320\/revisions\/51109"}],"wp:featuredmedia":[{"embeddable":true,"href":"https:\/\/cbr.org.br\/es\/wp-json\/wp\/v2\/media\/21328"}],"wp:attachment":[{"href":"https:\/\/cbr.org.br\/es\/wp-json\/wp\/v2\/media?parent=21320"}],"wp:term":[{"taxonomy":"category","embeddable":true,"href":"https:\/\/cbr.org.br\/es\/wp-json\/wp\/v2\/categories?post=21320"},{"taxonomy":"post_tag","embeddable":true,"href":"https:\/\/cbr.org.br\/es\/wp-json\/wp\/v2\/tags?post=21320"}],"curies":[{"name":"wp","href":"https:\/\/api.w.org\/{rel}","templated":true}]}}