{"id":22834,"date":"2018-12-05T10:10:53","date_gmt":"2018-12-05T12:10:53","guid":{"rendered":"https:\/\/cbr.org.br\/?p=22834"},"modified":"2025-03-19T11:23:21","modified_gmt":"2025-03-19T14:23:21","slug":"conheca-as-cidades-do-curso-de-atualizacao-2019","status":"publish","type":"post","link":"https:\/\/cbr.org.br\/es\/conheca-as-cidades-do-curso-de-atualizacao-2019\/","title":{"rendered":"Curso de Actualizaci\u00f3n CBR llega en su 10\u00b0 edici\u00f3n en 2019: Descubre las ciudades que ser\u00e1n sede de este importante congreso descentralizado"},"content":{"rendered":"<p>Marco na hist\u00f3ria do Col\u00e9gio Brasileiro de Radiologia e Diagn\u00f3stico por Imagem (CBR), o Curso de Atualiza\u00e7\u00e3o CBR, em parceria com suas associa\u00e7\u00f5es estaduais, chega em sua 10\u00aa edi\u00e7\u00e3o em 2019 e ocorrer\u00e1 nos dias 22 e 23 de mar\u00e7o, simultaneamente em 18 capitais brasile\u00f1as. En su d\u00e9cimo a\u00f1o, el evento es considerado un importante congreso descentralizado, dividido en diferentes sedes, por la cantidad de clases y la alta calidad de los profesores.\u00a0<span data-ccp-props=\"{&quot;201341983&quot;:0,&quot;335559739&quot;:160,&quot;335559740&quot;:259}\">\u00a0<\/span><\/p>\n<p>Su objetivo es promover la formaci\u00f3n continua y la calificaci\u00f3n de profesionales en la especialidad en todo Brasil, sin grandes desplazamientos ni inversiones. Proveyendo el intercambio de experiencias, los disertantes siempre provienen de un estado diferente al que van a presentar y, siempre que sea posible, incluso de una regi\u00f3n diferente del pa\u00eds.\u00a0\u00a0<span data-ccp-props=\"{&quot;201341983&quot;:0,&quot;335559739&quot;:160,&quot;335559740&quot;:259}\">\u00a0<\/span><\/p>\n<p>Las asociaciones estatales consultan a sus radi\u00f3logos y, de acuerdo con los resultados que obtienen, eligen los temas a tratar. Con esta informaci\u00f3n en mano, CBR env\u00eda profesores destacados en sus respectivas \u00e1reas que voluntariamente acceden a impartir sus clases.\u00a0<span data-ccp-props=\"{&quot;201341983&quot;:0,&quot;335559739&quot;:160,&quot;335559740&quot;:259}\">\u00a0<\/span><\/p>\n<p>M\u00e1s informaci\u00f3n sobre el Curso de Actualizaci\u00f3n 2019 estar\u00e1 disponible pronto en el sitio web de CBR.<br \/>\nConsulta las ciudades ya confirmadas:\u00a0\u00a0<span data-ccp-props=\"{&quot;201341983&quot;:0,&quot;335559739&quot;:160,&quot;335559740&quot;:259}\">\u00a0<\/span><\/p>\n<p>Macei\u00f3 \u2013 AL\u00a0<span data-ccp-props=\"{&quot;201341983&quot;:0,&quot;335559739&quot;:160,&quot;335559740&quot;:259}\">\u00a0<\/span><\/p>\n<p>Macap\u00e1 \u2013 AP\u00a0<span data-ccp-props=\"{&quot;201341983&quot;:0,&quot;335559739&quot;:160,&quot;335559740&quot;:259}\">\u00a0<\/span><\/p>\n<p>Manaos \u2013 AM\u00a0<span data-ccp-props=\"{&quot;201341983&quot;:0,&quot;335559739&quot;:160,&quot;335559740&quot;:259}\">\u00a0<\/span><\/p>\n<p>Salvador BA\u00a0<span data-ccp-props=\"{&quot;201341983&quot;:0,&quot;335559739&quot;:160,&quot;335559740&quot;:259}\">\u00a0<\/span><\/p>\n<p>Fortaleza \u2013 CE\u00a0<span data-ccp-props=\"{&quot;201341983&quot;:0,&quot;335559739&quot;:160,&quot;335559740&quot;:259}\">\u00a0<\/span><\/p>\n<p>Victoria \u2013 ES\u00a0<span data-ccp-props=\"{&quot;201341983&quot;:0,&quot;335559739&quot;:160,&quot;335559740&quot;:259}\">\u00a0<\/span><\/p>\n<p>Brasilia \u2013 DF (junto con la Sociedad Estatal de Goi\u00e1s)\u00a0<span data-ccp-props=\"{&quot;201341983&quot;:0,&quot;335559739&quot;:160,&quot;335559740&quot;:259}\">\u00a0<\/span><\/p>\n<p>San Luis \u2013 MA\u00a0<span data-ccp-props=\"{&quot;201341983&quot;:0,&quot;335559739&quot;:160,&quot;335559740&quot;:259}\">\u00a0<\/span><\/p>\n<p>Campo Grande, Estados Unidos\u00a0<span data-ccp-props=\"{&quot;201341983&quot;:0,&quot;335559739&quot;:160,&quot;335559740&quot;:259}\">\u00a0<\/span><\/p>\n<p>Belo Horizonte \u2013 MG\u00a0<span data-ccp-props=\"{&quot;201341983&quot;:0,&quot;335559739&quot;:160,&quot;335559740&quot;:259}\">\u00a0<\/span><\/p>\n<p>Bel\u00e9n \u2013 Pensilvania\u00a0<span data-ccp-props=\"{&quot;201341983&quot;:0,&quot;335559739&quot;:160,&quot;335559740&quot;:259}\">\u00a0<\/span><\/p>\n<p>Jo\u00e3o Pessoa \u2013 PB\u00a0<span data-ccp-props=\"{&quot;201341983&quot;:0,&quot;335559739&quot;:160,&quot;335559740&quot;:259}\">\u00a0<\/span><\/p>\n<p>Santa Catarina \u2013 ciudad por confirmar (junto con la Sociedad Estatal de Paran\u00e1)\u00a0<span data-ccp-props=\"{&quot;201341983&quot;:0,&quot;335559739&quot;:160,&quot;335559740&quot;:259}\">\u00a0<\/span><\/p>\n<p>Recife PE\u00a0<span data-ccp-props=\"{&quot;201341983&quot;:0,&quot;335559739&quot;:160,&quot;335559740&quot;:259}\">\u00a0<\/span><\/p>\n<p>Teresina-PI\u00a0<span data-ccp-props=\"{&quot;201341983&quot;:0,&quot;335559739&quot;:160,&quot;335559740&quot;:259}\">\u00a0<\/span><\/p>\n<p>R\u00edo de Janeiro - RJ\u00a0<span data-ccp-props=\"{&quot;201341983&quot;:0,&quot;335559739&quot;:160,&quot;335559740&quot;:259}\">\u00a0<\/span><\/p>\n<p>Natal, RN\u00a0<span data-ccp-props=\"{&quot;201341983&quot;:0,&quot;335559739&quot;:160,&quot;335559740&quot;:259}\">\u00a0<\/span><\/p>\n<p>Porto Alegre-RS<\/p>","protected":false},"excerpt":{"rendered":"<p>Marco na hist\u00f3ria do Col\u00e9gio Brasileiro de Radiologia e Diagn\u00f3stico por Imagem (CBR), o Curso de Atualiza\u00e7\u00e3o CBR, em parceria com suas associa\u00e7\u00f5es estaduais, chega em sua 10\u00aa edi\u00e7\u00e3o em 2019 e ocorrer\u00e1 nos dias 22 e 23 de mar\u00e7o, simultaneamente em 18 capitais brasile\u00f1as. En su d\u00e9cimo a\u00f1o, el evento es considerado un importante... <a href=\"https:\/\/cbr.org.br\/es\/conheca-as-cidades-do-curso-de-atualizacao-2019\/\">Sigue leyendo<\/a><\/p>","protected":false},"author":8,"featured_media":22849,"comment_status":"closed","ping_status":"closed","sticky":false,"template":"","format":"standard","meta":{"_acf_changed":false,"footnotes":""},"categories":[491],"tags":[785,50,665,44,78,84],"class_list":["post-22834","post","type-post","status-publish","format-standard","has-post-thumbnail","hentry","category-cbr-educa","tag-atualiza19","tag-cbr","tag-cbr_radiologia","tag-curso-de-atualizacao","tag-cursos","tag-medicina-diagnostica"],"acf":[],"_links":{"self":[{"href":"https:\/\/cbr.org.br\/es\/wp-json\/wp\/v2\/posts\/22834","targetHints":{"allow":["GET"]}}],"collection":[{"href":"https:\/\/cbr.org.br\/es\/wp-json\/wp\/v2\/posts"}],"about":[{"href":"https:\/\/cbr.org.br\/es\/wp-json\/wp\/v2\/types\/post"}],"author":[{"embeddable":true,"href":"https:\/\/cbr.org.br\/es\/wp-json\/wp\/v2\/users\/8"}],"replies":[{"embeddable":true,"href":"https:\/\/cbr.org.br\/es\/wp-json\/wp\/v2\/comments?post=22834"}],"version-history":[{"count":1,"href":"https:\/\/cbr.org.br\/es\/wp-json\/wp\/v2\/posts\/22834\/revisions"}],"predecessor-version":[{"id":51173,"href":"https:\/\/cbr.org.br\/es\/wp-json\/wp\/v2\/posts\/22834\/revisions\/51173"}],"wp:featuredmedia":[{"embeddable":true,"href":"https:\/\/cbr.org.br\/es\/wp-json\/wp\/v2\/media\/22849"}],"wp:attachment":[{"href":"https:\/\/cbr.org.br\/es\/wp-json\/wp\/v2\/media?parent=22834"}],"wp:term":[{"taxonomy":"category","embeddable":true,"href":"https:\/\/cbr.org.br\/es\/wp-json\/wp\/v2\/categories?post=22834"},{"taxonomy":"post_tag","embeddable":true,"href":"https:\/\/cbr.org.br\/es\/wp-json\/wp\/v2\/tags?post=22834"}],"curies":[{"name":"wp","href":"https:\/\/api.w.org\/{rel}","templated":true}]}}