{"id":22836,"date":"2018-12-05T16:17:22","date_gmt":"2018-12-05T18:17:22","guid":{"rendered":"https:\/\/cbr.org.br\/?p=22836"},"modified":"2025-03-19T11:24:37","modified_gmt":"2025-03-19T14:24:37","slug":"avaliacao-anual-de-residentes-2019-locais-de-provas-serao-divulgados-no-dia-17-12-18","status":"publish","type":"post","link":"https:\/\/cbr.org.br\/es\/avaliacao-anual-de-residentes-2019-locais-de-provas-serao-divulgados-no-dia-17-12-18\/","title":{"rendered":"Evaluaci\u00f3n anual para residentes de 2019: los lugares de prueba se anunciar\u00e1n el 17 de diciembre, \u00a1est\u00e9n atentos!"},"content":{"rendered":"<p>La Evaluaci\u00f3n Anual para M\u00e9dicos Residentes y Graduados en Radiolog\u00eda e Im\u00e1genes de Diagn\u00f3stico y para la IX Evaluaci\u00f3n Anual para M\u00e9dicos Calificados en Ultrasonido se realizar\u00e1 el 27 de enero, a las 13:00 (hora de Brasilia).\u00a0<span data-ccp-props=\"{&quot;201341983&quot;:0,&quot;335559739&quot;:160,&quot;335559740&quot;:259}\">\u00a0<\/span><\/p>\n<p>La prueba, que fue creada en 2001 con el objetivo de evaluar c\u00f3mo era la ense\u00f1anza de la Radiolog\u00eda en el pa\u00eds, reuni\u00f3 a unos 2.000 participantes en la \u00faltima edici\u00f3n y se caracteriza por su extremo cuidado, tanto desde el punto de vista pedag\u00f3gico como de contenido radiol\u00f3gico. Esta es una evaluaci\u00f3n que se ajusta a los niveles R1, R2 y R3, con un n\u00famero y enfoque de preguntas diferente para cada nivel.\u00a0<span data-ccp-props=\"{&quot;201341983&quot;:0,&quot;335559739&quot;:160,&quot;335559740&quot;:259}\">\u00a0<\/span><\/p>\n<p>Doce ciudades ser\u00e1n sede del examen este a\u00f1o: Bel\u00e9m (PA), Belo Horizonte (MG), Brasilia (DF), Curitiba (PR), Florian\u00f3polis (SC), Fortaleza (CE), Porto Alegre (RS), Recife (PE) , R\u00edo de Janeiro (RJ), Ribeir\u00e3o Preto (SP), Salvador (BA) y S\u00e3o Paulo (SP).\u00a0\u00a0<span data-ccp-props=\"{&quot;201341983&quot;:0,&quot;335559739&quot;:160,&quot;335559740&quot;:259}\">\u00a0<\/span><\/p>\n<p>Las ubicaciones de prueba en cada ciudad se anunciar\u00e1n en el sitio web de CBR el 17 de diciembre, \u00a1s\u00edganos!<\/p>","protected":false},"excerpt":{"rendered":"<p>La Evaluaci\u00f3n Anual para M\u00e9dicos Residentes y Graduados en Radiolog\u00eda e Im\u00e1genes de Diagn\u00f3stico y para la IX Evaluaci\u00f3n Anual para M\u00e9dicos Calificados en Ultrasonido se realizar\u00e1 el 27 de enero, a las 13:00 (hora de Brasilia). La prueba, que naci\u00f3 en 2001 con el objetivo de evaluar c\u00f3mo era la ense\u00f1anza de la Radiolog\u00eda en el pa\u00eds, reuni\u00f3 alrededor de 2 \u2026 <a href=\"https:\/\/cbr.org.br\/es\/avaliacao-anual-de-residentes-2019-locais-de-provas-serao-divulgados-no-dia-17-12-18\/\">Sigue leyendo<\/a><\/p>","protected":false},"author":8,"featured_media":22845,"comment_status":"closed","ping_status":"closed","sticky":false,"template":"","format":"standard","meta":{"_acf_changed":false,"footnotes":""},"categories":[15],"tags":[128,50,665,84,69],"class_list":["post-22836","post","type-post","status-publish","format-standard","has-post-thumbnail","hentry","category-residencia-e-aperfeicoamento","tag-avaliacao-anual-de-residentes","tag-cbr","tag-cbr_radiologia","tag-medicina-diagnostica","tag-residentes"],"acf":[],"_links":{"self":[{"href":"https:\/\/cbr.org.br\/es\/wp-json\/wp\/v2\/posts\/22836","targetHints":{"allow":["GET"]}}],"collection":[{"href":"https:\/\/cbr.org.br\/es\/wp-json\/wp\/v2\/posts"}],"about":[{"href":"https:\/\/cbr.org.br\/es\/wp-json\/wp\/v2\/types\/post"}],"author":[{"embeddable":true,"href":"https:\/\/cbr.org.br\/es\/wp-json\/wp\/v2\/users\/8"}],"replies":[{"embeddable":true,"href":"https:\/\/cbr.org.br\/es\/wp-json\/wp\/v2\/comments?post=22836"}],"version-history":[{"count":1,"href":"https:\/\/cbr.org.br\/es\/wp-json\/wp\/v2\/posts\/22836\/revisions"}],"predecessor-version":[{"id":51174,"href":"https:\/\/cbr.org.br\/es\/wp-json\/wp\/v2\/posts\/22836\/revisions\/51174"}],"wp:featuredmedia":[{"embeddable":true,"href":"https:\/\/cbr.org.br\/es\/wp-json\/wp\/v2\/media\/22845"}],"wp:attachment":[{"href":"https:\/\/cbr.org.br\/es\/wp-json\/wp\/v2\/media?parent=22836"}],"wp:term":[{"taxonomy":"category","embeddable":true,"href":"https:\/\/cbr.org.br\/es\/wp-json\/wp\/v2\/categories?post=22836"},{"taxonomy":"post_tag","embeddable":true,"href":"https:\/\/cbr.org.br\/es\/wp-json\/wp\/v2\/tags?post=22836"}],"curies":[{"name":"wp","href":"https:\/\/api.w.org\/{rel}","templated":true}]}}