{"id":23303,"date":"2019-02-11T17:07:17","date_gmt":"2019-02-11T19:07:17","guid":{"rendered":"https:\/\/cbr.org.br\/?p=23303"},"modified":"2025-03-19T12:07:18","modified_gmt":"2025-03-19T15:07:18","slug":"xix-congresso-latino-americano-de-ultrassonografia-ocorrera-em-julho-na-bahia-inscreva-se","status":"publish","type":"post","link":"https:\/\/cbr.org.br\/es\/xix-congresso-latino-americano-de-ultrassonografia-ocorrera-em-julho-na-bahia-inscreva-se\/","title":{"rendered":"Inscripciones abiertas para el XIX Congreso Latinoamericano de Ultrasonido. \u00a1Participar!"},"content":{"rendered":"<p>El evento de la Federaci\u00f3n Latinoamericana de Sociedades de Ultrasonido (Flaus), que cuenta con el apoyo del Colegio Brasile\u00f1o de Radiolog\u00eda y Diagn\u00f3stico por Im\u00e1genes (CBR) y cuyo presidente es el Dr. Antonio Carlos Matteoni de Athayde, ex presidente del Colegio, tendr\u00e1 lugar los d\u00edas 12 y 13 de julio, en Salvador (BA), en el Hotel Fiesta Bahia.<\/p>\n<p>Los interesados ya pueden registrarse en la web y garantizar su participaci\u00f3n (<a href=\"https:\/\/www.flaus-us.org\/congresso\/pt\/inscricoes\/\">https:\/\/www.flaus-us.org\/congresso\/pt\/inscricoes\/<\/a>).<\/p>\n<p>Con un rico programa cient\u00edfico, el congreso reunir\u00e1 alrededor de 80 profesores, 50 de los cuales son extranjeros. La entidad espera recibir una audiencia de aproximadamente 600 personas, entre radi\u00f3logos y ecografistas, residentes y estudiantes de medicina.<\/p>\n<p>Los temas escogidos incluyen Elastograf\u00eda Hep\u00e1tica, Ultrasonograf\u00eda de enfermedad hep\u00e1tica cr\u00f3nica parenquimatosa, Ultrasonido de colecistitis aguda, Ultrasonido de alteraciones cromos\u00f3micas, Ultrasonido de crecimiento intrauterino restringido, Ultrasonido de placenta, Ultrasonido musculoesquel\u00e9tico, Ultrasonido de tiroides, entre otros.<\/p>\n<p>\u201cBuscamos realizar un programa cient\u00edfico capaz de abarcar todas las \u00e1reas de la Ultrasonido. Tendremos m\u00e1s de 100 clases, adem\u00e1s de los 16 cursos pr\u00e1cticos que se realizar\u00e1n durante los dos d\u00edas del congreso\u201d, enfatiza el Dr. Matteoni.<\/p>\n<p>Uno de los destaques en la categor\u00eda Hands On ser\u00e1 el curso promovido por el Dr. Maria Cristina Chammas, en la zona de Tiroides y Cervical.<\/p>\n<p>Entra en la web y consulta toda la informaci\u00f3n: <a href=\"https:\/\/www.flaus-us.org\/congresso\/pt\/\">https:\/\/www.flaus-us.org\/congresso\/pt\/<\/a><\/p>","protected":false},"excerpt":{"rendered":"<p>El evento de la Federaci\u00f3n Latinoamericana de Sociedades de Ultrasonido (Flaus), que cuenta con el apoyo del Colegio Brasile\u00f1o de Radiolog\u00eda y Diagn\u00f3stico por Im\u00e1genes (CBR) y cuyo presidente es el Dr. Antonio Carlos Matteoni de Athayde, ex presidente del Colegio, tendr\u00e1 lugar los d\u00edas 12 y 13 de julio, en Salvador (BA), en el Hotel Fiesta Bahia. \u2026 <a href=\"https:\/\/cbr.org.br\/es\/xix-congresso-latino-americano-de-ultrassonografia-ocorrera-em-julho-na-bahia-inscreva-se\/\">Sigue leyendo<\/a><\/p>","protected":false},"author":8,"featured_media":23319,"comment_status":"closed","ping_status":"closed","sticky":false,"template":"","format":"standard","meta":{"_acf_changed":false,"footnotes":""},"categories":[18],"tags":[156,27],"class_list":["post-23303","post","type-post","status-publish","format-standard","has-post-thumbnail","hentry","category-parcerias-internacional","tag-flaus","tag-ultrassonografia"],"acf":[],"_links":{"self":[{"href":"https:\/\/cbr.org.br\/es\/wp-json\/wp\/v2\/posts\/23303","targetHints":{"allow":["GET"]}}],"collection":[{"href":"https:\/\/cbr.org.br\/es\/wp-json\/wp\/v2\/posts"}],"about":[{"href":"https:\/\/cbr.org.br\/es\/wp-json\/wp\/v2\/types\/post"}],"author":[{"embeddable":true,"href":"https:\/\/cbr.org.br\/es\/wp-json\/wp\/v2\/users\/8"}],"replies":[{"embeddable":true,"href":"https:\/\/cbr.org.br\/es\/wp-json\/wp\/v2\/comments?post=23303"}],"version-history":[{"count":1,"href":"https:\/\/cbr.org.br\/es\/wp-json\/wp\/v2\/posts\/23303\/revisions"}],"predecessor-version":[{"id":51189,"href":"https:\/\/cbr.org.br\/es\/wp-json\/wp\/v2\/posts\/23303\/revisions\/51189"}],"wp:featuredmedia":[{"embeddable":true,"href":"https:\/\/cbr.org.br\/es\/wp-json\/wp\/v2\/media\/23319"}],"wp:attachment":[{"href":"https:\/\/cbr.org.br\/es\/wp-json\/wp\/v2\/media?parent=23303"}],"wp:term":[{"taxonomy":"category","embeddable":true,"href":"https:\/\/cbr.org.br\/es\/wp-json\/wp\/v2\/categories?post=23303"},{"taxonomy":"post_tag","embeddable":true,"href":"https:\/\/cbr.org.br\/es\/wp-json\/wp\/v2\/tags?post=23303"}],"curies":[{"name":"wp","href":"https:\/\/api.w.org\/{rel}","templated":true}]}}