{"id":23308,"date":"2019-01-23T17:07:47","date_gmt":"2019-01-23T19:07:47","guid":{"rendered":"https:\/\/cbr.org.br\/?p=23308"},"modified":"2025-03-19T12:47:28","modified_gmt":"2025-03-19T15:47:28","slug":"curso-de-atualidades-cir-em-2019-sera-realizado-em-cancun-entre-os-dias-20-e-22-de-junho","status":"publish","type":"post","link":"https:\/\/cbr.org.br\/es\/curso-de-atualidades-cir-em-2019-sera-realizado-em-cancun-entre-os-dias-20-e-22-de-junho\/","title":{"rendered":"Curso de Actualidad del CIR en 2019 se realizar\u00e1 en Canc\u00fan entre el 20 y el 22 de junio"},"content":{"rendered":"<p>Realizado desde 2013, el Curso de Actualidad del Colegio Interamericano de Radiolog\u00eda (CIR), presidido por el Dr. Henrique Carrete J\u00fanior, expresidente de CBR, volver\u00e1 a tener lugar en 2019.<\/p>\n<p>El objetivo es renovar el compromiso de la instituci\u00f3n con el conocimiento, brindando importantes debates sobre las nuevas tecnolog\u00edas y los principales avances relacionados con la especialidad.<\/p>\n<p>\u201cSeguimos avanzando, vendr\u00e1n nuevos desaf\u00edos, pero estoy seguro que tendremos mucho \u00e9xito en el 2019, especialmente en este pr\u00f3ximo Curso de Actualidad del CIR, para el cual esperamos una gran participaci\u00f3n de radi\u00f3logos y residentes latinoamericanos\u201d, enfatiza el Dr. . Carrete.<\/p>\n<p>El programa cient\u00edfico promete la misma excelencia que en a\u00f1os anteriores, y el enfoque de esta edici\u00f3n ser\u00e1 el diagn\u00f3stico en las \u00e1reas de investigaci\u00f3n del abdomen, el t\u00f3rax, el aparato locomotor y la mama.<\/p>\n<p>El evento se llevar\u00e1 a cabo en Canc\u00fan, M\u00e9xico, en el Hotel Fiesta Americana Coral Beach Canc\u00fan, del 20 al 22 de junio.<\/p>","protected":false},"excerpt":{"rendered":"<p>Realizado desde 2013, el Curso de Actualidad del Colegio Interamericano de Radiolog\u00eda (CIR), entidad presidida por el Dr. Henrique Carrete J\u00fanior, ex presidente de CBR, tendr\u00e1 lugar nuevamente en 2019. El objetivo es renovar el compromiso de la instituci\u00f3n con el conocimiento, brindando importantes debates sobre las nuevas tecnolog\u00edas y los principales avances relacionados \u2026 <a href=\"https:\/\/cbr.org.br\/es\/curso-de-atualidades-cir-em-2019-sera-realizado-em-cancun-entre-os-dias-20-e-22-de-junho\/\">Sigue leyendo<\/a><\/p>","protected":false},"author":8,"featured_media":23315,"comment_status":"closed","ping_status":"closed","sticky":false,"template":"","format":"standard","meta":{"_acf_changed":false,"footnotes":""},"categories":[18],"tags":[99,306,307],"class_list":["post-23308","post","type-post","status-publish","format-standard","has-post-thumbnail","hentry","category-parcerias-internacional","tag-cir","tag-colegio-interamericano","tag-curso-de-atualidades"],"acf":[],"_links":{"self":[{"href":"https:\/\/cbr.org.br\/es\/wp-json\/wp\/v2\/posts\/23308","targetHints":{"allow":["GET"]}}],"collection":[{"href":"https:\/\/cbr.org.br\/es\/wp-json\/wp\/v2\/posts"}],"about":[{"href":"https:\/\/cbr.org.br\/es\/wp-json\/wp\/v2\/types\/post"}],"author":[{"embeddable":true,"href":"https:\/\/cbr.org.br\/es\/wp-json\/wp\/v2\/users\/8"}],"replies":[{"embeddable":true,"href":"https:\/\/cbr.org.br\/es\/wp-json\/wp\/v2\/comments?post=23308"}],"version-history":[{"count":1,"href":"https:\/\/cbr.org.br\/es\/wp-json\/wp\/v2\/posts\/23308\/revisions"}],"predecessor-version":[{"id":51202,"href":"https:\/\/cbr.org.br\/es\/wp-json\/wp\/v2\/posts\/23308\/revisions\/51202"}],"wp:featuredmedia":[{"embeddable":true,"href":"https:\/\/cbr.org.br\/es\/wp-json\/wp\/v2\/media\/23315"}],"wp:attachment":[{"href":"https:\/\/cbr.org.br\/es\/wp-json\/wp\/v2\/media?parent=23308"}],"wp:term":[{"taxonomy":"category","embeddable":true,"href":"https:\/\/cbr.org.br\/es\/wp-json\/wp\/v2\/categories?post=23308"},{"taxonomy":"post_tag","embeddable":true,"href":"https:\/\/cbr.org.br\/es\/wp-json\/wp\/v2\/tags?post=23308"}],"curies":[{"name":"wp","href":"https:\/\/api.w.org\/{rel}","templated":true}]}}