{"id":23376,"date":"2019-01-31T16:33:50","date_gmt":"2019-01-31T18:33:50","guid":{"rendered":"https:\/\/cbr.org.br\/?p=23376"},"modified":"2025-03-19T12:43:10","modified_gmt":"2025-03-19T15:43:10","slug":"avaliacao-anual-de-residentes-e-realizada-em-12-cidades-brasil","status":"publish","type":"post","link":"https:\/\/cbr.org.br\/es\/avaliacao-anual-de-residentes-e-realizada-em-12-cidades-brasil\/","title":{"rendered":"Evaluaci\u00f3n Anual de Residentes se realiza en 12 ciudades de Brasil"},"content":{"rendered":"<p>Residentes de diferentes partes de Brasil participaron, el 27 de enero, en la Evaluaci\u00f3n Anual de Residentes y Mejoradores 2019. Conocida por el extremo cuidado en su preparaci\u00f3n, tanto desde el punto de vista pedag\u00f3gico como del contenido radiol\u00f3gico, la evaluaci\u00f3n es una iniciativa del Col\u00e9gio Brasileiro de Radiolog\u00eda e Imagen Diagn\u00f3stica (CBR) desde 2001 y naci\u00f3 con el objetivo de evaluar c\u00f3mo era la ense\u00f1anza de la Radiolog\u00eda en el pa\u00eds. Esta es una evaluaci\u00f3n apta para residentes de 1\u00b0, 2\u00b0 y 3\u00b0 a\u00f1o, con diferentes preguntas de abordaje para cada nivel.<\/p>\n<p>Seg\u00fan el Dr. T\u00falio Macedo, coordinador de la Comisi\u00f3n de T\u00edtulo y Admisi\u00f3n, la evaluaci\u00f3n ha estado marcada por una constante evoluci\u00f3n. \u201cHa habido una gran mejora en la parte pedag\u00f3gica en las \u00faltimas ediciones de la prueba. La revisi\u00f3n de los problemas ha sido a\u00fan m\u00e1s exhaustiva y el enfoque es mucho mejor. La prueba es amplia, ya que consigue involucrar a la mayor\u00eda de las asignaturas de Radiolog\u00eda y Diagn\u00f3stico por la Imagen. Esta debe ser la prueba m\u00e1s elaborada que hemos tenido en los \u00faltimos a\u00f1os, ya que hubo un gran esfuerzo para asegurar que la calidad fuera alta\u201d, explica.<\/p>\n<p>Para incentivar la participaci\u00f3n, si el residente alcanza 70% o m\u00e1s en la prueba, es decir, punt\u00faa 7 o m\u00e1s, queda exonerado de la parte te\u00f3rica de la Prueba de T\u00edtulo de Especialista. Con los resultados, la Comisi\u00f3n de Docencia analiza y trabaja sobre estas estad\u00edsticas y, si acaso una residencia no sale bien, se inspecciona para ver cu\u00e1nto puede ayudar la RBC a mejorar la docencia. Si la instituci\u00f3n educativa sigue mostrando malos resultados a lo largo de los a\u00f1os, queda descalificada.<\/p>\n<p>\u201cAdem\u00e1s de evaluar a la instituci\u00f3n, la prueba tambi\u00e9n le muestra al candidato si est\u00e1 progresando en el conocimiento de acuerdo con los criterios establecidos por el Colegio. Con base en el puntaje de su prueba, puede calificarse a s\u00ed mismo, identificando a qu\u00e9 \u00e1rea necesita dedicar m\u00e1s tiempo para estudiar\u201d, concluye el Dr. Tulio.<br \/>\nel medico Pedro Henrique Dias Quirino, R1 Hospital Heli\u00f3polis, evalu\u00f3 positivamente la prueba. \u201cLa prueba fue interesante, puso un poco m\u00e1s de \u00e9nfasis en el \u00e1rea de los senos, que es algo con lo que tenemos mucho contacto en el primer a\u00f1o. Pens\u00e9 que era genial\u201d, dijo.<\/p>\n<p>Ya la Dra. Leonardo Costa Rodrigues, R2 del Hospital das Cl\u00ednicas Samuel Lib\u00e2nio, en Pouso Alegre (MG), evalu\u00f3 la prueba de este a\u00f1o como mejor que la del a\u00f1o pasado. \u201cPens\u00e9 que la resonancia magn\u00e9tica se cobraba menos que en 2018. A menudo, R1 no tiene tanto contacto con la resonancia magn\u00e9tica, por lo que lo califico mejor. Me pareci\u00f3 bien organizado, me gust\u00f3\u201d, declar\u00f3.<\/p>\n<p>doctor Renan Bastos Leite, R3 del Hospital Universitario de la Universidad Federal de Piau\u00ed, ya lo hizo en a\u00f1os anteriores y destac\u00f3 la evaluaci\u00f3n como un sello de calidad profesional. \u201cTener el sello CBR que acredite que la persona ha superado la prueba es importante para el mercado profesional\u201d, se\u00f1al\u00f3.<\/p>\n<p>Esta edici\u00f3n de la carrera registr\u00f3 la participaci\u00f3n de 1754 participantes de todo el pa\u00eds.<\/p>\n<p><strong>Nuevo para suscriptores<\/strong><\/p>\n<p>Antes de que comience la prueba, un video del Dr. Alair Sarmet Santos, presidente de CBR, fue transmitido en todas las salas. Adem\u00e1s de dar la bienvenida, desear lo mejor a los participantes y reforzar la importancia de la interacci\u00f3n entre CBR y los residentes a trav\u00e9s de las redes sociales, el Dr. Alair inform\u00f3 a los participantes sobre la promoci\u00f3n especial y exclusiva: 25% de descuento en la tarifa de inscripci\u00f3n del Congreso Brasile\u00f1o de Radiolog\u00eda 2019 (CBR19) solo para los participantes de la Evaluaci\u00f3n Anual de Residentes.<\/p>\n<p>\u201cEstamos haciendo un programa especial y contaremos con la participaci\u00f3n de 10 profesores de la Sociedad Europea de Radiolog\u00eda, que seguro traer\u00e1 muchas noticias e informaci\u00f3n para todos ustedes. Tambi\u00e9n tendremos cursos pr\u00e1cticos y otros que iremos divulgando. Nuestra directiva ser\u00e1 para el per\u00edodo 2019 y 2020 y queremos contar con el apoyo y participaci\u00f3n de todos ustedes en nuestros eventos en todo el territorio nacional\u201d, enfatiz\u00f3.<\/p>\n<p>Para garantizar el descuento, el participante deber\u00e1 registrarse hasta el 10 de febrero a trav\u00e9s de la web <span style=\"color: #0000ff;\"><a style=\"color: #0000ff;\" href=\"https:\/\/congressocbr.com.br\/\">www.congressocbr.com.br<\/a><\/span><\/p>\n<p>Se distribuy\u00f3 una carpeta sobre la promoci\u00f3n a todos los participantes. <span style=\"color: #0000ff;\"><a style=\"color: #0000ff;\" href=\"https:\/\/cbr.org.br\/wp-content\/uploads\/2019\/01\/CBR19_Folder_rev6-1.pdf\">Haga clic aqu\u00ed<\/a><\/span> para descargar el material y <span style=\"color: #0000ff;\"><a style=\"color: #0000ff;\" href=\"https:\/\/youtu.be\/ylWuZrYV1YY\">aqu\u00ed<\/a><\/span> para ver el video transmitido.<\/p>\n<p>El Congreso Brasile\u00f1o de Radiolog\u00eda 2019 (CBR19) tendr\u00e1 lugar del 10 al 12 de octubre, en el Centro de Eventos do Cear\u00e1, en Fortaleza (CE).<br \/>\nSigue nuestras redes sociales y mantente al tanto de todas las novedades.<\/p>\n<p><strong>San Pablo<\/strong><\/p>\n<p><img fetchpriority=\"high\" decoding=\"async\" class=\"alignnone wp-image-23382\" src=\"https:\/\/cbr.org.br\/wp-content\/uploads\/2019\/01\/50771858_2203296809746219_1239693974428450816_n-2.jpg\" alt=\"\" width=\"658\" height=\"370\" srcset=\"https:\/\/cbr.org.br\/wp-content\/uploads\/2019\/01\/50771858_2203296809746219_1239693974428450816_n-2.jpg 960w, https:\/\/cbr.org.br\/wp-content\/uploads\/2019\/01\/50771858_2203296809746219_1239693974428450816_n-2-300x169.jpg 300w, https:\/\/cbr.org.br\/wp-content\/uploads\/2019\/01\/50771858_2203296809746219_1239693974428450816_n-2-768x432.jpg 768w\" sizes=\"(max-width: 658px) 100vw, 658px\" \/><\/p>\n<p><strong>SalvadorBA)<\/strong><\/p>\n<p><img decoding=\"async\" class=\"alignnone wp-image-23384\" src=\"https:\/\/cbr.org.br\/wp-content\/uploads\/2019\/01\/50668934_2203296576412909_2932361257459646464_n-1.jpg\" alt=\"\" width=\"656\" height=\"369\" srcset=\"https:\/\/cbr.org.br\/wp-content\/uploads\/2019\/01\/50668934_2203296576412909_2932361257459646464_n-1.jpg 960w, https:\/\/cbr.org.br\/wp-content\/uploads\/2019\/01\/50668934_2203296576412909_2932361257459646464_n-1-300x169.jpg 300w, https:\/\/cbr.org.br\/wp-content\/uploads\/2019\/01\/50668934_2203296576412909_2932361257459646464_n-1-768x432.jpg 768w\" sizes=\"(max-width: 656px) 100vw, 656px\" \/><\/p>\n<p><strong>R\u00edo de Janeiro - RJ)<\/strong><\/p>\n<p><img decoding=\"async\" class=\"alignnone wp-image-23385\" src=\"https:\/\/cbr.org.br\/wp-content\/uploads\/2019\/01\/50673280_2203296499746250_9081021294358560768_n-1.jpg\" alt=\"\" width=\"660\" height=\"371\" srcset=\"https:\/\/cbr.org.br\/wp-content\/uploads\/2019\/01\/50673280_2203296499746250_9081021294358560768_n-1.jpg 960w, https:\/\/cbr.org.br\/wp-content\/uploads\/2019\/01\/50673280_2203296499746250_9081021294358560768_n-1-300x169.jpg 300w, https:\/\/cbr.org.br\/wp-content\/uploads\/2019\/01\/50673280_2203296499746250_9081021294358560768_n-1-768x432.jpg 768w\" sizes=\"(max-width: 660px) 100vw, 660px\" \/><\/p>\n<p><strong>Fortaleza (CE)<\/strong><\/p>\n<p><img loading=\"lazy\" decoding=\"async\" class=\"alignnone wp-image-23386\" src=\"https:\/\/cbr.org.br\/wp-content\/uploads\/2019\/01\/50676857_2203296613079572_525088734375313408_n-1.jpg\" alt=\"\" width=\"653\" height=\"490\" srcset=\"https:\/\/cbr.org.br\/wp-content\/uploads\/2019\/01\/50676857_2203296613079572_525088734375313408_n-1.jpg 960w, https:\/\/cbr.org.br\/wp-content\/uploads\/2019\/01\/50676857_2203296613079572_525088734375313408_n-1-300x225.jpg 300w, https:\/\/cbr.org.br\/wp-content\/uploads\/2019\/01\/50676857_2203296613079572_525088734375313408_n-1-768x576.jpg 768w\" sizes=\"(max-width: 653px) 100vw, 653px\" \/><\/p>\n<p><strong>Ribeir\u00e3o Preto (SP)<\/strong><\/p>\n<p><img loading=\"lazy\" decoding=\"async\" class=\"alignnone wp-image-23388\" src=\"https:\/\/cbr.org.br\/wp-content\/uploads\/2019\/01\/50908596_2203296719746228_6440574777731055616_n-1.jpg\" alt=\"\" width=\"646\" height=\"861\" srcset=\"https:\/\/cbr.org.br\/wp-content\/uploads\/2019\/01\/50908596_2203296719746228_6440574777731055616_n-1.jpg 720w, https:\/\/cbr.org.br\/wp-content\/uploads\/2019\/01\/50908596_2203296719746228_6440574777731055616_n-1-225x300.jpg 225w\" sizes=\"(max-width: 646px) 100vw, 646px\" \/><\/p>\n<p>Recife PE)<\/p>\n<p><img loading=\"lazy\" decoding=\"async\" class=\"alignnone wp-image-23393\" src=\"https:\/\/cbr.org.br\/wp-content\/uploads\/2019\/01\/WhatsApp-Image-2019-01-31-at-16.26.14-1.jpeg\" alt=\"\" width=\"643\" height=\"482\" srcset=\"https:\/\/cbr.org.br\/wp-content\/uploads\/2019\/01\/WhatsApp-Image-2019-01-31-at-16.26.14-1.jpeg 1024w, https:\/\/cbr.org.br\/wp-content\/uploads\/2019\/01\/WhatsApp-Image-2019-01-31-at-16.26.14-1-300x225.jpeg 300w, https:\/\/cbr.org.br\/wp-content\/uploads\/2019\/01\/WhatsApp-Image-2019-01-31-at-16.26.14-1-768x576.jpeg 768w\" sizes=\"(max-width: 643px) 100vw, 643px\" \/><\/p>\n<p><strong>Santa Catarina (SC)<\/strong><\/p>\n<p><img loading=\"lazy\" decoding=\"async\" class=\"alignnone wp-image-23389\" src=\"https:\/\/cbr.org.br\/wp-content\/uploads\/2019\/01\/50999259_2203296533079580_7375736136146092032_n-1.jpg\" alt=\"\" width=\"640\" height=\"360\" srcset=\"https:\/\/cbr.org.br\/wp-content\/uploads\/2019\/01\/50999259_2203296533079580_7375736136146092032_n-1.jpg 960w, https:\/\/cbr.org.br\/wp-content\/uploads\/2019\/01\/50999259_2203296533079580_7375736136146092032_n-1-300x169.jpg 300w, https:\/\/cbr.org.br\/wp-content\/uploads\/2019\/01\/50999259_2203296533079580_7375736136146092032_n-1-768x432.jpg 768w\" sizes=\"(max-width: 640px) 100vw, 640px\" \/><\/p>\n<p>&nbsp;<\/p>\n<p><img loading=\"lazy\" decoding=\"async\" class=\"alignnone wp-image-23391\" src=\"https:\/\/cbr.org.br\/wp-content\/uploads\/2019\/01\/51048585_2203296669746233_5927604426725392384_n-1.jpg\" alt=\"\" width=\"635\" height=\"357\" srcset=\"https:\/\/cbr.org.br\/wp-content\/uploads\/2019\/01\/51048585_2203296669746233_5927604426725392384_n-1.jpg 960w, https:\/\/cbr.org.br\/wp-content\/uploads\/2019\/01\/51048585_2203296669746233_5927604426725392384_n-1-300x169.jpg 300w, https:\/\/cbr.org.br\/wp-content\/uploads\/2019\/01\/51048585_2203296669746233_5927604426725392384_n-1-768x432.jpg 768w\" sizes=\"(max-width: 635px) 100vw, 635px\" \/><\/p>\n<p><strong>Belo Horizonte (MG)<\/strong><\/p>\n<p><img loading=\"lazy\" decoding=\"async\" class=\"alignnone wp-image-23394\" src=\"https:\/\/cbr.org.br\/wp-content\/uploads\/2019\/01\/WhatsApp-Image-2019-01-31-at-16.28.32-1.jpeg\" alt=\"\" width=\"631\" height=\"355\" srcset=\"https:\/\/cbr.org.br\/wp-content\/uploads\/2019\/01\/WhatsApp-Image-2019-01-31-at-16.28.32-1.jpeg 1280w, https:\/\/cbr.org.br\/wp-content\/uploads\/2019\/01\/WhatsApp-Image-2019-01-31-at-16.28.32-1-300x169.jpeg 300w, https:\/\/cbr.org.br\/wp-content\/uploads\/2019\/01\/WhatsApp-Image-2019-01-31-at-16.28.32-1-1024x576.jpeg 1024w, https:\/\/cbr.org.br\/wp-content\/uploads\/2019\/01\/WhatsApp-Image-2019-01-31-at-16.28.32-1-768x432.jpeg 768w\" sizes=\"(max-width: 631px) 100vw, 631px\" \/><\/p>\n<p><strong>Bel\u00e9n (PA)<\/strong><\/p>\n<p><img loading=\"lazy\" decoding=\"async\" class=\"alignnone wp-image-23395\" src=\"https:\/\/cbr.org.br\/wp-content\/uploads\/2019\/01\/WhatsApp-Image-2019-01-31-at-16.28.59-1.jpeg\" alt=\"\" width=\"635\" height=\"476\" srcset=\"https:\/\/cbr.org.br\/wp-content\/uploads\/2019\/01\/WhatsApp-Image-2019-01-31-at-16.28.59-1.jpeg 1280w, https:\/\/cbr.org.br\/wp-content\/uploads\/2019\/01\/WhatsApp-Image-2019-01-31-at-16.28.59-1-300x225.jpeg 300w, https:\/\/cbr.org.br\/wp-content\/uploads\/2019\/01\/WhatsApp-Image-2019-01-31-at-16.28.59-1-1024x768.jpeg 1024w, https:\/\/cbr.org.br\/wp-content\/uploads\/2019\/01\/WhatsApp-Image-2019-01-31-at-16.28.59-1-768x576.jpeg 768w\" sizes=\"(max-width: 635px) 100vw, 635px\" \/><\/p>\n<p>&nbsp;<\/p>\n<p>&nbsp;<\/p>","protected":false},"excerpt":{"rendered":"<p>Residentes de diferentes partes de Brasil participaron, el 27 de enero, en la Evaluaci\u00f3n Anual de Residentes y Mejoradores 2019. Conocida por el extremo cuidado en su preparaci\u00f3n, tanto desde el punto de vista pedag\u00f3gico como del contenido radiol\u00f3gico, la evaluaci\u00f3n es una iniciativa del Col\u00e9gio Brasileiro Radiolog\u00eda e Imagen Diagn\u00f3stica (CBR) desde 2001 y\u2026 <a href=\"https:\/\/cbr.org.br\/es\/avaliacao-anual-de-residentes-e-realizada-em-12-cidades-brasil\/\">Sigue leyendo<\/a><\/p>","protected":false},"author":8,"featured_media":23382,"comment_status":"closed","ping_status":"closed","sticky":false,"template":"","format":"standard","meta":{"_acf_changed":false,"footnotes":""},"categories":[15],"tags":[128,107,97,69],"class_list":["post-23376","post","type-post","status-publish","format-standard","has-post-thumbnail","hentry","category-residencia-e-aperfeicoamento","tag-avaliacao-anual-de-residentes","tag-prova","tag-residencia","tag-residentes"],"acf":[],"_links":{"self":[{"href":"https:\/\/cbr.org.br\/es\/wp-json\/wp\/v2\/posts\/23376","targetHints":{"allow":["GET"]}}],"collection":[{"href":"https:\/\/cbr.org.br\/es\/wp-json\/wp\/v2\/posts"}],"about":[{"href":"https:\/\/cbr.org.br\/es\/wp-json\/wp\/v2\/types\/post"}],"author":[{"embeddable":true,"href":"https:\/\/cbr.org.br\/es\/wp-json\/wp\/v2\/users\/8"}],"replies":[{"embeddable":true,"href":"https:\/\/cbr.org.br\/es\/wp-json\/wp\/v2\/comments?post=23376"}],"version-history":[{"count":1,"href":"https:\/\/cbr.org.br\/es\/wp-json\/wp\/v2\/posts\/23376\/revisions"}],"predecessor-version":[{"id":51200,"href":"https:\/\/cbr.org.br\/es\/wp-json\/wp\/v2\/posts\/23376\/revisions\/51200"}],"wp:featuredmedia":[{"embeddable":true,"href":"https:\/\/cbr.org.br\/es\/wp-json\/wp\/v2\/media\/23382"}],"wp:attachment":[{"href":"https:\/\/cbr.org.br\/es\/wp-json\/wp\/v2\/media?parent=23376"}],"wp:term":[{"taxonomy":"category","embeddable":true,"href":"https:\/\/cbr.org.br\/es\/wp-json\/wp\/v2\/categories?post=23376"},{"taxonomy":"post_tag","embeddable":true,"href":"https:\/\/cbr.org.br\/es\/wp-json\/wp\/v2\/tags?post=23376"}],"curies":[{"name":"wp","href":"https:\/\/api.w.org\/{rel}","templated":true}]}}