{"id":23432,"date":"2019-02-11T10:43:19","date_gmt":"2019-02-11T12:43:19","guid":{"rendered":"https:\/\/cbr.org.br\/?p=23432"},"modified":"2025-03-19T12:07:37","modified_gmt":"2025-03-19T15:07:37","slug":"12o-jornada-paranaense-de-radiologia-imagem-da-mulher","status":"publish","type":"post","link":"https:\/\/cbr.org.br\/es\/12o-jornada-paranaense-de-radiologia-imagem-da-mulher\/","title":{"rendered":"12\u00b0 Congreso Paranaense de Radiolog\u00eda \u2013 Imagen de Mujer"},"content":{"rendered":"<p>La Sociedad Paranaense de Radiolog\u00eda y Diagn\u00f3stico por Imagen ya anuncia su 12\u00ba Congreso Paranaense de Radiolog\u00eda \u2013 Imagen de la Mujer, que tendr\u00e1 lugar del 28 al 30 de junio de 2019, en Curitiba (PR).<\/p>\n<p>El evento contar\u00e1 con la presencia de reconocidos radi\u00f3logos y ecografistas nacionales e internacionales, como el Dr. Alair Augusto Sarmet Moreira Damas dos Santos, Dr. Antonio Carlos Matteoni de Athayde, Dr. Ayrton Pastore, Dra. Mar\u00eda Cristina Chammas, Dra. Mar\u00eda Helena Louveira, Dra. Linei Urban, Dra. Selma de Pace Bauab, Dra. Teresa Cristina de Castro Ramos Sarmet dos Santos, Dra. Tufik Bauab hijo, Dra. Renato Ad\u00e1n Mendon\u00e7a, Dra. Mar\u00eda Helena Mendon\u00e7a y el Dr. Carlos Trippia.<\/p>\n<p>Siga a trav\u00e9s del sitio web:\u00a0<a href=\"https:\/\/www.srp.org.br\/12o-jornada-paranaense-de-radiologia-imagem-da-mulher\/\">https:\/\/www.srp.org.br\/12o-jornada-paranaense-de-radiologia-imagem-da-mulher\/<\/a><\/p>","protected":false},"excerpt":{"rendered":"<p>La Sociedad Paranaense de Radiolog\u00eda y Diagn\u00f3stico por Imagen ya anuncia su 12\u00ba Congreso Paranaense de Radiolog\u00eda \u2013 Imagen de la Mujer, que tendr\u00e1 lugar del 28 al 30 de junio de 2019, en Curitiba (PR). El evento contar\u00e1 con la presencia de reconocidos radi\u00f3logos y ecografistas nacionales e internacionales, como el Dr. Alair Augusto Sarmet Moreira\u2026 <a href=\"https:\/\/cbr.org.br\/es\/12o-jornada-paranaense-de-radiologia-imagem-da-mulher\/\">Sigue leyendo<\/a><\/p>","protected":false},"author":8,"featured_media":23647,"comment_status":"closed","ping_status":"closed","sticky":false,"template":"","format":"standard","meta":{"_acf_changed":false,"footnotes":""},"categories":[16],"tags":[238,184,185,239],"class_list":["post-23432","post","type-post","status-publish","format-standard","has-post-thumbnail","hentry","category-sociedades-estaduais","tag-imagem-da-mulher","tag-jornada","tag-mulher","tag-paranaense"],"acf":[],"_links":{"self":[{"href":"https:\/\/cbr.org.br\/es\/wp-json\/wp\/v2\/posts\/23432","targetHints":{"allow":["GET"]}}],"collection":[{"href":"https:\/\/cbr.org.br\/es\/wp-json\/wp\/v2\/posts"}],"about":[{"href":"https:\/\/cbr.org.br\/es\/wp-json\/wp\/v2\/types\/post"}],"author":[{"embeddable":true,"href":"https:\/\/cbr.org.br\/es\/wp-json\/wp\/v2\/users\/8"}],"replies":[{"embeddable":true,"href":"https:\/\/cbr.org.br\/es\/wp-json\/wp\/v2\/comments?post=23432"}],"version-history":[{"count":1,"href":"https:\/\/cbr.org.br\/es\/wp-json\/wp\/v2\/posts\/23432\/revisions"}],"predecessor-version":[{"id":51190,"href":"https:\/\/cbr.org.br\/es\/wp-json\/wp\/v2\/posts\/23432\/revisions\/51190"}],"wp:featuredmedia":[{"embeddable":true,"href":"https:\/\/cbr.org.br\/es\/wp-json\/wp\/v2\/media\/23647"}],"wp:attachment":[{"href":"https:\/\/cbr.org.br\/es\/wp-json\/wp\/v2\/media?parent=23432"}],"wp:term":[{"taxonomy":"category","embeddable":true,"href":"https:\/\/cbr.org.br\/es\/wp-json\/wp\/v2\/categories?post=23432"},{"taxonomy":"post_tag","embeddable":true,"href":"https:\/\/cbr.org.br\/es\/wp-json\/wp\/v2\/tags?post=23432"}],"curies":[{"name":"wp","href":"https:\/\/api.w.org\/{rel}","templated":true}]}}