{"id":23450,"date":"2019-02-07T10:38:51","date_gmt":"2019-02-07T12:38:51","guid":{"rendered":"https:\/\/cbr.org.br\/?p=23450"},"modified":"2025-03-19T12:42:11","modified_gmt":"2025-03-19T15:42:11","slug":"european-congress-radiology-ecr2019","status":"publish","type":"post","link":"https:\/\/cbr.org.br\/es\/european-congress-radiology-ecr2019\/","title":{"rendered":"Congreso Europeo de Radiolog\u00eda (ECR2019)"},"content":{"rendered":"<p>Este importante evento internacional es una oportunidad para que radi\u00f3logos de Brasil y de todo el mundo se re\u00fanan para discutir novedades en la especialidad, conocer los resultados de numerosos proyectos cient\u00edficos, intercambiar experiencias y compartir conocimientos.<\/p>\n<p>El ECR tendr\u00e1 lugar del 27 de febrero al 3 de marzo en Viena, Austria. Todos los detalles del evento est\u00e1n disponibles en el sitio web.\u00a0<u><a href=\"http:\/\/www.myesr.org\/congress\">www.myesr.org\/congreso<\/a><\/u><\/p>\n<p>&nbsp;<\/p>","protected":false},"excerpt":{"rendered":"<p>Este importante evento internacional es una oportunidad para que radi\u00f3logos de Brasil y de todo el mundo se re\u00fanan para discutir novedades en la especialidad, conocer los resultados de numerosos proyectos cient\u00edficos, intercambiar experiencias y compartir conocimientos. El ECR tendr\u00e1 lugar del 27 de febrero al 3 de marzo en Viena, Austria. Todos los detalles del evento son\u2026 <a href=\"https:\/\/cbr.org.br\/es\/european-congress-radiology-ecr2019\/\">Sigue leyendo<\/a><\/p>","protected":false},"author":8,"featured_media":22507,"comment_status":"closed","ping_status":"closed","sticky":false,"template":"","format":"standard","meta":{"_acf_changed":false,"footnotes":""},"categories":[18],"tags":[264,265,266,267,268],"class_list":["post-23450","post","type-post","status-publish","format-standard","has-post-thumbnail","hentry","category-parcerias-internacional","tag-congresso-europeu-de-radiologia","tag-ecr-2019","tag-european-congresso-of-radiology","tag-europeu","tag-viena"],"acf":[],"_links":{"self":[{"href":"https:\/\/cbr.org.br\/es\/wp-json\/wp\/v2\/posts\/23450","targetHints":{"allow":["GET"]}}],"collection":[{"href":"https:\/\/cbr.org.br\/es\/wp-json\/wp\/v2\/posts"}],"about":[{"href":"https:\/\/cbr.org.br\/es\/wp-json\/wp\/v2\/types\/post"}],"author":[{"embeddable":true,"href":"https:\/\/cbr.org.br\/es\/wp-json\/wp\/v2\/users\/8"}],"replies":[{"embeddable":true,"href":"https:\/\/cbr.org.br\/es\/wp-json\/wp\/v2\/comments?post=23450"}],"version-history":[{"count":1,"href":"https:\/\/cbr.org.br\/es\/wp-json\/wp\/v2\/posts\/23450\/revisions"}],"predecessor-version":[{"id":51199,"href":"https:\/\/cbr.org.br\/es\/wp-json\/wp\/v2\/posts\/23450\/revisions\/51199"}],"wp:featuredmedia":[{"embeddable":true,"href":"https:\/\/cbr.org.br\/es\/wp-json\/wp\/v2\/media\/22507"}],"wp:attachment":[{"href":"https:\/\/cbr.org.br\/es\/wp-json\/wp\/v2\/media?parent=23450"}],"wp:term":[{"taxonomy":"category","embeddable":true,"href":"https:\/\/cbr.org.br\/es\/wp-json\/wp\/v2\/categories?post=23450"},{"taxonomy":"post_tag","embeddable":true,"href":"https:\/\/cbr.org.br\/es\/wp-json\/wp\/v2\/tags?post=23450"}],"curies":[{"name":"wp","href":"https:\/\/api.w.org\/{rel}","templated":true}]}}