{"id":23591,"date":"2019-02-13T14:16:27","date_gmt":"2019-02-13T16:16:27","guid":{"rendered":"https:\/\/cbr.org.br\/?p=23591"},"modified":"2025-03-19T12:05:20","modified_gmt":"2025-03-19T15:05:20","slug":"neurorradiologia-sera-tema-do-curso-esor-2019","status":"publish","type":"post","link":"https:\/\/cbr.org.br\/es\/neurorradiologia-sera-tema-do-curso-esor-2019\/","title":{"rendered":"La neurorradiolog\u00eda ser\u00e1 el tema del Curso ESOR 2019"},"content":{"rendered":"<p>Tras el \u00e9xito de la edici\u00f3n 2018, el Curso ESOR AIMS llega en su 9\u00aa edici\u00f3n a Brasil<strong>. <\/strong>Fruto de una importante alianza entre el Colegio Brasile\u00f1o de Radiolog\u00eda y Diagn\u00f3stico por Im\u00e1genes (CBR) y la Escuela Europea de Radiolog\u00eda (ESOR), instituci\u00f3n educativa vinculada a la Sociedad Europea de Radiolog\u00eda (ESR).<\/p>\n<p>El tema de esta edici\u00f3n ser\u00e1 la Neurorradiolog\u00eda y, este a\u00f1o, las ciudades sede de la ESOR ser\u00e1n Porto Alegre, el 29 de agosto, y R\u00edo de Janeiro, el 31 de agosto.<\/p>\n<p>Los ponentes nacionales ya est\u00e1n confirmados:<\/p>\n<p><strong>Dr. Livia Morais<\/strong><\/p>\n<p>Neurorradi\u00f3logo y coordinador del sector de Resonancia Magn\u00e9tica del Instituto de Radiolog\u00eda del Hospital das Cl\u00ednicas da USP (InRad-FMUSP).<\/p>\n<p><strong>doctor leandro lucato<\/strong><br \/>\nProfesor del Departamento de Radiolog\u00eda y Oncolog\u00eda de la Facultad de Medicina de la Universidad de S\u00e3o Paulo; Director del Personal Cl\u00ednico del Instituto de Radiolog\u00eda del Hospital das Cl\u00ednicas de la Universidad de S\u00e3o Paulo (InRad\/HC-FMUSP); Coordinador de Neurorradiolog\u00eda del Centro Brasile\u00f1o de Diagn\u00f3stico (CDB).<br \/>\n<!--more--><\/p>\n<p>\u00a1Sigue nuestras redes sociales para estar al tanto de todas las novedades de ESOR 2019!<\/p>\n<p><strong>Acerca de ESOR<\/strong><br \/>\nLos Cursos ESOR \u2013 AIMS fueron creados por la Escuela Europea de Radiolog\u00eda (ESOR) para promover los intercambios educativos entre la Sociedad Europea de Radiolog\u00eda (ESR) y las Sociedades Nacionales de Radiolog\u00eda.<\/p>\n<p>Este programa educativo es impartido por oradores europeos y oradores locales de gran prestigio en un esfuerzo por abrir nuevas oportunidades para el intercambio de conocimientos y mejorar la colaboraci\u00f3n cient\u00edfica.<br \/>\nUno de los grandes diferenciales de los cursos de ESOR es que ofrecen una combinaci\u00f3n de clases y discusi\u00f3n de casos, donde los participantes, divididos en grupos m\u00e1s peque\u00f1os, tienen la oportunidad de ver casos junto con los profesores, lo que facilita mucho hacer preguntas e intercambiar informaci\u00f3n. experiencias.<\/p>","protected":false},"excerpt":{"rendered":"<p>Tras el \u00e9xito de la edici\u00f3n 2018, el Curso ESOR AIMS llega en su 9\u00aa edici\u00f3n a Brasil. Fruto de una importante alianza entre el Colegio Brasile\u00f1o de Radiolog\u00eda y Diagn\u00f3stico por Im\u00e1genes (CBR) y la Escuela Europea de Radiolog\u00eda (ESOR), instituci\u00f3n educativa vinculada a la Sociedad Europea de Radiolog\u00eda (ESR). El tema de esta edici\u00f3n ser\u00e1 la Neurorradiolog\u00eda y,\u2026 <a href=\"https:\/\/cbr.org.br\/es\/neurorradiologia-sera-tema-do-curso-esor-2019\/\">Sigue leyendo<\/a><\/p>","protected":false},"author":8,"featured_media":23648,"comment_status":"closed","ping_status":"closed","sticky":false,"template":"","format":"standard","meta":{"_acf_changed":false,"footnotes":""},"categories":[18],"tags":[50,665,67,84,95],"class_list":["post-23591","post","type-post","status-publish","format-standard","has-post-thumbnail","hentry","category-parcerias-internacional","tag-cbr","tag-cbr_radiologia","tag-esor","tag-medicina-diagnostica","tag-neurorradiologia"],"acf":[],"_links":{"self":[{"href":"https:\/\/cbr.org.br\/es\/wp-json\/wp\/v2\/posts\/23591","targetHints":{"allow":["GET"]}}],"collection":[{"href":"https:\/\/cbr.org.br\/es\/wp-json\/wp\/v2\/posts"}],"about":[{"href":"https:\/\/cbr.org.br\/es\/wp-json\/wp\/v2\/types\/post"}],"author":[{"embeddable":true,"href":"https:\/\/cbr.org.br\/es\/wp-json\/wp\/v2\/users\/8"}],"replies":[{"embeddable":true,"href":"https:\/\/cbr.org.br\/es\/wp-json\/wp\/v2\/comments?post=23591"}],"version-history":[{"count":1,"href":"https:\/\/cbr.org.br\/es\/wp-json\/wp\/v2\/posts\/23591\/revisions"}],"predecessor-version":[{"id":51186,"href":"https:\/\/cbr.org.br\/es\/wp-json\/wp\/v2\/posts\/23591\/revisions\/51186"}],"wp:featuredmedia":[{"embeddable":true,"href":"https:\/\/cbr.org.br\/es\/wp-json\/wp\/v2\/media\/23648"}],"wp:attachment":[{"href":"https:\/\/cbr.org.br\/es\/wp-json\/wp\/v2\/media?parent=23591"}],"wp:term":[{"taxonomy":"category","embeddable":true,"href":"https:\/\/cbr.org.br\/es\/wp-json\/wp\/v2\/categories?post=23591"},{"taxonomy":"post_tag","embeddable":true,"href":"https:\/\/cbr.org.br\/es\/wp-json\/wp\/v2\/tags?post=23591"}],"curies":[{"name":"wp","href":"https:\/\/api.w.org\/{rel}","templated":true}]}}