{"id":24150,"date":"2019-03-14T19:45:53","date_gmt":"2019-03-14T22:45:53","guid":{"rendered":"https:\/\/cbr.org.br\/?p=24150"},"modified":"2025-03-19T13:06:06","modified_gmt":"2025-03-19T16:06:06","slug":"nova-diretoria-da-soram-e-eleita-em-fevereiro","status":"publish","type":"post","link":"https:\/\/cbr.org.br\/es\/nova-diretoria-da-soram-e-eleita-em-fevereiro\/","title":{"rendered":"Nueva junta de SORAM elegida en febrero"},"content":{"rendered":"<p>El 22 de febrero fue elegida por aclamaci\u00f3n la nueva directiva de la Sociedad de Radiolog\u00eda y Diagn\u00f3stico por Im\u00e1genes de Amazonas (SORAM), con el Dr. Jorge Roberto Di Tommaso Le\u00e3o como presidente, junto a los dem\u00e1s integrantes de la lista, el Dr. Jos\u00e9 Ant\u00f4nio Siqueira Arruda Camara, como vicepresidente, el Dr. Sidney Ricardo Lopes de Albuquerque, como secretario general, el Dr. Jos\u00e9 Antenor Barbosa Ferreira Filho, como Vicesecretario y el Dr. Alexandre Granela Borges, como tesorero.<\/p>","protected":false},"excerpt":{"rendered":"<p>El 22 de febrero fue elegida por aclamaci\u00f3n la nueva directiva de la Sociedad de Radiolog\u00eda y Diagn\u00f3stico por Im\u00e1genes de Amazonas (SORAM), con el Dr. Jorge Roberto Di Tommaso Le\u00e3o como presidente, junto a los dem\u00e1s integrantes de la lista, el Dr. Jos\u00e9 Ant\u00f4nio Siqueira Arruda Camara, como vicepresidente, el Dr. Sidney Ricardo\u2026 <a href=\"https:\/\/cbr.org.br\/es\/nova-diretoria-da-soram-e-eleita-em-fevereiro\/\">Sigue leyendo<\/a><\/p>","protected":false},"author":8,"featured_media":24152,"comment_status":"closed","ping_status":"closed","sticky":false,"template":"","format":"standard","meta":{"_acf_changed":false,"footnotes":""},"categories":[16],"tags":[236,237,188],"class_list":["post-24150","post","type-post","status-publish","format-standard","has-post-thumbnail","hentry","category-sociedades-estaduais","tag-amazonas","tag-filiadas","tag-regionais"],"acf":[],"_links":{"self":[{"href":"https:\/\/cbr.org.br\/es\/wp-json\/wp\/v2\/posts\/24150","targetHints":{"allow":["GET"]}}],"collection":[{"href":"https:\/\/cbr.org.br\/es\/wp-json\/wp\/v2\/posts"}],"about":[{"href":"https:\/\/cbr.org.br\/es\/wp-json\/wp\/v2\/types\/post"}],"author":[{"embeddable":true,"href":"https:\/\/cbr.org.br\/es\/wp-json\/wp\/v2\/users\/8"}],"replies":[{"embeddable":true,"href":"https:\/\/cbr.org.br\/es\/wp-json\/wp\/v2\/comments?post=24150"}],"version-history":[{"count":1,"href":"https:\/\/cbr.org.br\/es\/wp-json\/wp\/v2\/posts\/24150\/revisions"}],"predecessor-version":[{"id":51206,"href":"https:\/\/cbr.org.br\/es\/wp-json\/wp\/v2\/posts\/24150\/revisions\/51206"}],"wp:featuredmedia":[{"embeddable":true,"href":"https:\/\/cbr.org.br\/es\/wp-json\/wp\/v2\/media\/24152"}],"wp:attachment":[{"href":"https:\/\/cbr.org.br\/es\/wp-json\/wp\/v2\/media?parent=24150"}],"wp:term":[{"taxonomy":"category","embeddable":true,"href":"https:\/\/cbr.org.br\/es\/wp-json\/wp\/v2\/categories?post=24150"},{"taxonomy":"post_tag","embeddable":true,"href":"https:\/\/cbr.org.br\/es\/wp-json\/wp\/v2\/tags?post=24150"}],"curies":[{"name":"wp","href":"https:\/\/api.w.org\/{rel}","templated":true}]}}