{"id":24236,"date":"2019-03-20T10:00:08","date_gmt":"2019-03-20T13:00:08","guid":{"rendered":"https:\/\/cbr.org.br\/?p=24236"},"modified":"2025-03-19T14:59:42","modified_gmt":"2025-03-19T17:59:42","slug":"congresso-da-sociedade-latino-americana-de-radiologia-pediatrica-slarp-sera-realizado-em-cordoba-de-20-22-de-junho","status":"publish","type":"post","link":"https:\/\/cbr.org.br\/es\/congresso-da-sociedade-latino-americana-de-radiologia-pediatrica-slarp-sera-realizado-em-cordoba-de-20-22-de-junho\/","title":{"rendered":"Congreso de la Sociedad Latinoamericana de Radiolog\u00eda Pedi\u00e1trica (SLARP) se realizar\u00e1 en C\u00f3rdoba, del 20 al 22 de junio"},"content":{"rendered":"<p>La Sociedad Latinoamericana de Radiolog\u00eda Pedi\u00e1trica es una sociedad m\u00e9dica dedicada a promover la salud de los pacientes a trav\u00e9s del diagn\u00f3stico y tratamiento por im\u00e1genes en el per\u00edodo prenatal, durante la lactancia, en la ni\u00f1ez y adolescencia.<\/p>\n<p>Presidida por la Dra. Mario Pelissari, el Congreso SLARP de este a\u00f1o se llevar\u00e1 a cabo en C\u00f3rdoba, Argentina, del 20 al 22 de junio, y contar\u00e1 con radi\u00f3logos pedi\u00e1tricos como oradores principales.<\/p>\n<p><span style=\"color: #0000ff;\"><a style=\"color: #0000ff;\" href=\"https:\/\/cbr.org.br\/wp-content\/uploads\/2019\/03\/PROGRAMA-ESPANOL-SLARP-2019-.pdf\">programacion cientifica<\/a><\/span> (Espa\u00f1ol)<\/p>\n<p><span style=\"color: #0000ff;\"><a style=\"color: #0000ff;\" href=\"https:\/\/cbr.org.br\/wp-content\/uploads\/2019\/03\/PROGRAMA-INGLES-SLARP-2019-1-1.pdf\">programacion cientifica<\/a><\/span> (Ingl\u00e9s)<\/p>\n<p>Para m\u00e1s informaci\u00f3n consulte el sitio web <span style=\"color: #0000ff;\"><a style=\"color: #0000ff;\" href=\"http:\/\/www.slarp.net\">www.slarp.net<\/a><\/span><\/p>\n<p><strong>\u00a0<\/strong><\/p>","protected":false},"excerpt":{"rendered":"<p>La Sociedad Latinoamericana de Radiolog\u00eda Pedi\u00e1trica es una sociedad m\u00e9dica dedicada a promover la salud de los pacientes a trav\u00e9s del diagn\u00f3stico y tratamiento por im\u00e1genes en el per\u00edodo prenatal, durante la lactancia, en la ni\u00f1ez y adolescencia. Presidida por la Dra. Mario Pelissari, el Congreso SLARP de este a\u00f1o se realizar\u00e1 en C\u00f3rdoba, Argentina, del 20 al 22 de \u2026 <a href=\"https:\/\/cbr.org.br\/es\/congresso-da-sociedade-latino-americana-de-radiologia-pediatrica-slarp-sera-realizado-em-cordoba-de-20-22-de-junho\/\">Sigue leyendo<\/a><\/p>","protected":false},"author":8,"featured_media":0,"comment_status":"closed","ping_status":"closed","sticky":false,"template":"","format":"standard","meta":{"_acf_changed":false,"footnotes":""},"categories":[18],"tags":[50,665,111,84],"class_list":["post-24236","post","type-post","status-publish","format-standard","hentry","category-parcerias-internacional","tag-cbr","tag-cbr_radiologia","tag-diagnostico-por-imagem","tag-medicina-diagnostica"],"acf":[],"_links":{"self":[{"href":"https:\/\/cbr.org.br\/es\/wp-json\/wp\/v2\/posts\/24236","targetHints":{"allow":["GET"]}}],"collection":[{"href":"https:\/\/cbr.org.br\/es\/wp-json\/wp\/v2\/posts"}],"about":[{"href":"https:\/\/cbr.org.br\/es\/wp-json\/wp\/v2\/types\/post"}],"author":[{"embeddable":true,"href":"https:\/\/cbr.org.br\/es\/wp-json\/wp\/v2\/users\/8"}],"replies":[{"embeddable":true,"href":"https:\/\/cbr.org.br\/es\/wp-json\/wp\/v2\/comments?post=24236"}],"version-history":[{"count":1,"href":"https:\/\/cbr.org.br\/es\/wp-json\/wp\/v2\/posts\/24236\/revisions"}],"predecessor-version":[{"id":51243,"href":"https:\/\/cbr.org.br\/es\/wp-json\/wp\/v2\/posts\/24236\/revisions\/51243"}],"wp:attachment":[{"href":"https:\/\/cbr.org.br\/es\/wp-json\/wp\/v2\/media?parent=24236"}],"wp:term":[{"taxonomy":"category","embeddable":true,"href":"https:\/\/cbr.org.br\/es\/wp-json\/wp\/v2\/categories?post=24236"},{"taxonomy":"post_tag","embeddable":true,"href":"https:\/\/cbr.org.br\/es\/wp-json\/wp\/v2\/tags?post=24236"}],"curies":[{"name":"wp","href":"https:\/\/api.w.org\/{rel}","templated":true}]}}