{"id":24335,"date":"2019-03-22T16:28:17","date_gmt":"2019-03-22T19:28:17","guid":{"rendered":"https:\/\/cbr.org.br\/?p=24335"},"modified":"2025-03-19T14:56:20","modified_gmt":"2025-03-19T17:56:20","slug":"comissao-de-defesa-profissional-do-cbr-realiza-reuniao-de-alinhamento","status":"publish","type":"post","link":"https:\/\/cbr.org.br\/es\/comissao-de-defesa-profissional-do-cbr-realiza-reuniao-de-alinhamento\/","title":{"rendered":"Comisi\u00f3n de Defensa Profesional CBR realiza reuni\u00f3n de alineamiento"},"content":{"rendered":"<p>Este jueves (21) se realiz\u00f3 la primera reuni\u00f3n de la Comisi\u00f3n de Defensa Profesional del Colegio Brasile\u00f1o de Radiolog\u00eda y Diagn\u00f3stico por Im\u00e1genes (CBR), coordinada por el director de Defensa Profesional del Colegio, Dr. Cibele Alves de Carvalho, de gesti\u00f3n (2019\/2020).<\/p>\n<p>\u201cLa idea es fortalecer y diversificar las acciones de defensa profesional del Colegio, que son innumerables. Los miembros del comit\u00e9 tienen una historia exitosa de defensa de la radiolog\u00eda profesional en sus respectivas \u00e1reas.<span class=\"text_exposed_show\">actividades regionales\u201d, destaca el Dr. Cibeles.<\/span><\/p>\n<div class=\"text_exposed_show\">\n<p>El trabajo comenz\u00f3 con una bienvenida del Dr. Alair, quien a continuaci\u00f3n se\u00f1al\u00f3 los principales problemas en el escenario actual de la especialidad. Durante el encuentro se planificaron varias acciones para potenciar la especialidad. Este comit\u00e9 incluye:<\/p>\n<p>Cibeles Alves (coordinadora)<\/p>\n<p>Miembros:<\/p>\n<p>\u00c1lvaro Campos (PE)<\/p>\n<p>Carlos Moura \u2013 asesor econ\u00f3mico de CBR<\/p>\n<p>Helio Braga (BA)<\/p>\n<p>Juliana Tapaj\u00f3s (AM)<\/p>\n<p>Sergio Andrade (MG)<\/p>\n<\/div>","protected":false},"excerpt":{"rendered":"<p>Este jueves (21) se realiz\u00f3 la primera reuni\u00f3n de la Comisi\u00f3n de Defensa Profesional del Colegio Brasile\u00f1o de Radiolog\u00eda y Diagn\u00f3stico por Im\u00e1genes (CBR), coordinada por el director de Defensa Profesional del Colegio, Dr. Cibele Alves de Carvalho, de gesti\u00f3n (2019\/2020). \u201cLa idea es fortalecer y diversificar las acciones de defensa profesional del Colegio, que son innumerables. T\u00fa \u2026 <a href=\"https:\/\/cbr.org.br\/es\/comissao-de-defesa-profissional-do-cbr-realiza-reuniao-de-alinhamento\/\">Sigue leyendo<\/a><\/p>","protected":false},"author":8,"featured_media":24330,"comment_status":"closed","ping_status":"closed","sticky":false,"template":"","format":"standard","meta":{"_acf_changed":false,"footnotes":""},"categories":[4],"tags":[50,665,6,84],"class_list":["post-24335","post","type-post","status-publish","format-standard","has-post-thumbnail","hentry","category-defesa-profissional","tag-cbr","tag-cbr_radiologia","tag-defesa-profissional","tag-medicina-diagnostica"],"acf":[],"_links":{"self":[{"href":"https:\/\/cbr.org.br\/es\/wp-json\/wp\/v2\/posts\/24335","targetHints":{"allow":["GET"]}}],"collection":[{"href":"https:\/\/cbr.org.br\/es\/wp-json\/wp\/v2\/posts"}],"about":[{"href":"https:\/\/cbr.org.br\/es\/wp-json\/wp\/v2\/types\/post"}],"author":[{"embeddable":true,"href":"https:\/\/cbr.org.br\/es\/wp-json\/wp\/v2\/users\/8"}],"replies":[{"embeddable":true,"href":"https:\/\/cbr.org.br\/es\/wp-json\/wp\/v2\/comments?post=24335"}],"version-history":[{"count":1,"href":"https:\/\/cbr.org.br\/es\/wp-json\/wp\/v2\/posts\/24335\/revisions"}],"predecessor-version":[{"id":51237,"href":"https:\/\/cbr.org.br\/es\/wp-json\/wp\/v2\/posts\/24335\/revisions\/51237"}],"wp:featuredmedia":[{"embeddable":true,"href":"https:\/\/cbr.org.br\/es\/wp-json\/wp\/v2\/media\/24330"}],"wp:attachment":[{"href":"https:\/\/cbr.org.br\/es\/wp-json\/wp\/v2\/media?parent=24335"}],"wp:term":[{"taxonomy":"category","embeddable":true,"href":"https:\/\/cbr.org.br\/es\/wp-json\/wp\/v2\/categories?post=24335"},{"taxonomy":"post_tag","embeddable":true,"href":"https:\/\/cbr.org.br\/es\/wp-json\/wp\/v2\/tags?post=24335"}],"curies":[{"name":"wp","href":"https:\/\/api.w.org\/{rel}","templated":true}]}}