{"id":25084,"date":"2019-04-24T11:30:16","date_gmt":"2019-04-24T14:30:16","guid":{"rendered":"https:\/\/cbr.org.br\/?p=25084"},"modified":"2025-03-19T15:54:31","modified_gmt":"2025-03-19T18:54:31","slug":"evento-em-comemoracao-ao-dia-da-protecao-radiologica-conta-com-a-participacao-do-cbr","status":"publish","type":"post","link":"https:\/\/cbr.org.br\/es\/evento-em-comemoracao-ao-dia-da-protecao-radiologica-conta-com-a-participacao-do-cbr\/","title":{"rendered":"Evento en celebraci\u00f3n del D\u00eda de la Protecci\u00f3n Radiol\u00f3gica cuenta con la participaci\u00f3n de CBR"},"content":{"rendered":"<p>El Instituto de Radioprotecci\u00f3n y Dosimetr\u00eda realiz\u00f3 el 15 de abril un evento para celebrar el D\u00eda de la Protecci\u00f3n Radiol\u00f3gica.<\/p>\n<p>La fecha se celebra en Am\u00e9rica Latina y el Caribe, en honor al Dr. Dan Jacobo Beninson quien este mismo d\u00eda, en 1996, recibi\u00f3 el Premio Sievert, el m\u00e1ximo galard\u00f3n en esta especialidad.<\/p>\n<p>Presidente de CBR Dr. Alair Sarmet Santos, particip\u00f3 en el panel de apertura. El objetivo del evento fue discutir los principales problemas, desaf\u00edos y perspectivas de la protecci\u00f3n radiol\u00f3gica en Brasil.<\/p>\n<p>Atenta a las cuestiones relacionadas con el tema, la CBR inaugur\u00f3 la Comisi\u00f3n de Protecci\u00f3n Radiol\u00f3gica. Una reuni\u00f3n inaugural marc\u00f3 el inicio de los trabajos. Los f\u00edsicos Hugo Schelin, Paulo Costa y Simone Kodlulovich, los m\u00e9dicos Joaquim da Mota Leal Filho, Teresa Sarmet, Monica Bernardo, Hilton Muniz Le\u00e3o Filho, Dolores Bustelo, Claudio Tinoco y la ingeniera en energ\u00eda nuclear, Lidia Vasconcelos.<\/p>\n<p>&nbsp;<\/p>","protected":false},"excerpt":{"rendered":"<p>El Instituto de Radioprotecci\u00f3n y Dosimetr\u00eda realiz\u00f3 el 15 de abril un evento para celebrar el D\u00eda de la Protecci\u00f3n Radiol\u00f3gica. La fecha se celebra en Am\u00e9rica Latina y el Caribe, en honor al Dr. Dan Jacobo Beninson quien este mismo d\u00eda, en 1996, recibi\u00f3 el Premio Sievert, el m\u00e1ximo galard\u00f3n en esta especialidad. El presidente de la CBR,\u2026 <a href=\"https:\/\/cbr.org.br\/es\/evento-em-comemoracao-ao-dia-da-protecao-radiologica-conta-com-a-participacao-do-cbr\/\">Sigue leyendo<\/a><\/p>","protected":false},"author":8,"featured_media":25086,"comment_status":"closed","ping_status":"closed","sticky":false,"template":"","format":"standard","meta":{"_acf_changed":false,"footnotes":""},"categories":[12],"tags":[50,665,261,84],"class_list":["post-25084","post","type-post","status-publish","format-standard","has-post-thumbnail","hentry","category-eventos","tag-cbr","tag-cbr_radiologia","tag-eventos","tag-medicina-diagnostica"],"acf":[],"_links":{"self":[{"href":"https:\/\/cbr.org.br\/es\/wp-json\/wp\/v2\/posts\/25084","targetHints":{"allow":["GET"]}}],"collection":[{"href":"https:\/\/cbr.org.br\/es\/wp-json\/wp\/v2\/posts"}],"about":[{"href":"https:\/\/cbr.org.br\/es\/wp-json\/wp\/v2\/types\/post"}],"author":[{"embeddable":true,"href":"https:\/\/cbr.org.br\/es\/wp-json\/wp\/v2\/users\/8"}],"replies":[{"embeddable":true,"href":"https:\/\/cbr.org.br\/es\/wp-json\/wp\/v2\/comments?post=25084"}],"version-history":[{"count":1,"href":"https:\/\/cbr.org.br\/es\/wp-json\/wp\/v2\/posts\/25084\/revisions"}],"predecessor-version":[{"id":51266,"href":"https:\/\/cbr.org.br\/es\/wp-json\/wp\/v2\/posts\/25084\/revisions\/51266"}],"wp:featuredmedia":[{"embeddable":true,"href":"https:\/\/cbr.org.br\/es\/wp-json\/wp\/v2\/media\/25086"}],"wp:attachment":[{"href":"https:\/\/cbr.org.br\/es\/wp-json\/wp\/v2\/media?parent=25084"}],"wp:term":[{"taxonomy":"category","embeddable":true,"href":"https:\/\/cbr.org.br\/es\/wp-json\/wp\/v2\/categories?post=25084"},{"taxonomy":"post_tag","embeddable":true,"href":"https:\/\/cbr.org.br\/es\/wp-json\/wp\/v2\/tags?post=25084"}],"curies":[{"name":"wp","href":"https:\/\/api.w.org\/{rel}","templated":true}]}}