{"id":25218,"date":"2019-05-08T16:37:02","date_gmt":"2019-05-08T19:37:02","guid":{"rendered":"https:\/\/cbr.org.br\/?p=25218"},"modified":"2025-03-19T15:24:16","modified_gmt":"2025-03-19T18:24:16","slug":"diversas-cidades-pais-realizam-jornadas-de-radiologia-partir-deste-mes","status":"publish","type":"post","link":"https:\/\/cbr.org.br\/es\/diversas-cidades-pais-realizam-jornadas-de-radiologia-partir-deste-mes\/","title":{"rendered":"Varias ciudades del pa\u00eds realizan congresos de Radiolog\u00eda a partir de este mes"},"content":{"rendered":"<p>El 31 de mayo y el 1 de junio, por la ma\u00f1ana y por la tarde, el Centro de Eventos Barra Shopping Sul ser\u00e1 sede de la XXIX Jornada de Radiolog\u00eda Ga\u00facha \u2013 JGR2019, promovida por la Asociaci\u00f3n Ga\u00facha de Radiolog\u00eda \u2013 AGR. El evento contar\u00e1 con varias actividades presentadas por m\u00e9dicos, enfermeras, t\u00e9cnicos y otros profesionales especializados en el tema. La inscripci\u00f3n para participar en el evento ya est\u00e1 abierta y se puede realizar en el sitio web www.jgr2019.com.br.<\/p>\n<p>Tambi\u00e9n se realiza, del 31 de mayo al 2 de junio, la II Jornada Goi\u00e1s-Bras\u00edlia de Radiolog\u00eda \u2013 Clube do Interior, en la ciudad de Piren\u00f3polis, en Goi\u00e1s. El evento es promovido por las Sociedades de Radiolog\u00eda de Goi\u00e1s y Brasilia. M\u00e1s informaci\u00f3n estar\u00e1 disponible pronto en el sitio web www.sgor.org.br<\/p>\n<p>En junio, los d\u00edas 14 y 15, ser\u00e1 el turno de la XXI Jornada Pernambucana de Radiolog\u00eda y del XXIX Curso de Diagn\u00f3stico por Imagen de la Mama. El evento tendr\u00e1 lugar en el JCPM Trade Center, en Recife, y contar\u00e1 con destacados profesores nacionales e internacionales.<\/p>\n<p>En el sur del pa\u00eds, la Sociedad de Radiolog\u00eda y Diagn\u00f3stico por Imagen de Paran\u00e1 invita a todos a participar del 12\u00ba Congreso Paranaense de Radiolog\u00eda, que tendr\u00e1 como tema la Imagen de la Mujer. La Jornada se realizar\u00e1 del 28 al 30 de junio, en la capital paranaense, Curitiba, y la principal novedad del evento es la presencia de un invitado internacional: el Dr. Anthony Thomas Stavros (EE. UU.), profesor asociado del Departamento de Radiolog\u00eda del Centro de Ciencias de la Salud de la Universidad de Texas y uno de los pioneros en el desarrollo de BI-RADS\u00ae.<\/p>\n<p>El libro \u201cUltrasonido Mamario\u201d es de su autor\u00eda y se utiliza como referencia cuando el tema es el Ultrasonido Mamario. Adem\u00e1s, la 12\u00aa Jornada Paranaense de Radiolog\u00eda contar\u00e1 con cursos Hands-on en las \u00e1reas de elastograf\u00eda, ecograf\u00eda tiroidea y biopsia mamaria.<\/p>","protected":false},"excerpt":{"rendered":"<p>El 31 de mayo y el 1 de junio, en horario de ma\u00f1ana y tarde, el Centro de Eventos Barra Shopping Sul ser\u00e1 sede de la XXIX Jornada Ga\u00facha de Radiolog\u00eda \u2013 JGR2019, promovida por la Asociaci\u00f3n Ga\u00facha de Radiolog\u00eda \u2013 AGR. El evento contar\u00e1 con varias actividades presentadas por m\u00e9dicos, enfermeras, t\u00e9cnicos y otros profesionales especializados en el tema. \u2026 <a href=\"https:\/\/cbr.org.br\/es\/diversas-cidades-pais-realizam-jornadas-de-radiologia-partir-deste-mes\/\">Sigue leyendo<\/a><\/p>","protected":false},"author":8,"featured_media":25245,"comment_status":"closed","ping_status":"closed","sticky":false,"template":"","format":"standard","meta":{"_acf_changed":false,"footnotes":""},"categories":[16],"tags":[50,665,84,794],"class_list":["post-25218","post","type-post","status-publish","format-standard","has-post-thumbnail","hentry","category-sociedades-estaduais","tag-cbr","tag-cbr_radiologia","tag-medicina-diagnostica","tag-sociedades-estatuais"],"acf":[],"_links":{"self":[{"href":"https:\/\/cbr.org.br\/es\/wp-json\/wp\/v2\/posts\/25218","targetHints":{"allow":["GET"]}}],"collection":[{"href":"https:\/\/cbr.org.br\/es\/wp-json\/wp\/v2\/posts"}],"about":[{"href":"https:\/\/cbr.org.br\/es\/wp-json\/wp\/v2\/types\/post"}],"author":[{"embeddable":true,"href":"https:\/\/cbr.org.br\/es\/wp-json\/wp\/v2\/users\/8"}],"replies":[{"embeddable":true,"href":"https:\/\/cbr.org.br\/es\/wp-json\/wp\/v2\/comments?post=25218"}],"version-history":[{"count":1,"href":"https:\/\/cbr.org.br\/es\/wp-json\/wp\/v2\/posts\/25218\/revisions"}],"predecessor-version":[{"id":51257,"href":"https:\/\/cbr.org.br\/es\/wp-json\/wp\/v2\/posts\/25218\/revisions\/51257"}],"wp:featuredmedia":[{"embeddable":true,"href":"https:\/\/cbr.org.br\/es\/wp-json\/wp\/v2\/media\/25245"}],"wp:attachment":[{"href":"https:\/\/cbr.org.br\/es\/wp-json\/wp\/v2\/media?parent=25218"}],"wp:term":[{"taxonomy":"category","embeddable":true,"href":"https:\/\/cbr.org.br\/es\/wp-json\/wp\/v2\/categories?post=25218"},{"taxonomy":"post_tag","embeddable":true,"href":"https:\/\/cbr.org.br\/es\/wp-json\/wp\/v2\/tags?post=25218"}],"curies":[{"name":"wp","href":"https:\/\/api.w.org\/{rel}","templated":true}]}}