{"id":25370,"date":"2019-05-22T17:48:21","date_gmt":"2019-05-22T20:48:21","guid":{"rendered":"https:\/\/cbr.org.br\/?p=25370"},"modified":"2022-09-29T17:30:26","modified_gmt":"2022-09-29T20:30:26","slug":"inicio-do-mba-gestao-em-medicina-diagnostica-e-destaque-no-mes-de-maio","status":"publish","type":"post","link":"https:\/\/cbr.org.br\/es\/inicio-do-mba-gestao-em-medicina-diagnostica-e-destaque-no-mes-de-maio\/","title":{"rendered":"Destacan inicio del MBA Gerencia en Medicina Diagn\u00f3stica en el mes de mayo"},"content":{"rendered":"<p>El 17 de mayo, en el Centro de Educaci\u00f3n M\u00e9dica Continuada de CBR (CEMC CBR), se llev\u00f3 a cabo la primera clase de la primera promoci\u00f3n del MBA Gerencia en Medicina Diagn\u00f3stica, una iniciativa sin precedentes de CBR en alianza con FIA.<\/p>\n<p>El curso es una oportunidad para los profesionales que buscan actualizarse y desarrollar habilidades para desarrollar una mejor gesti\u00f3n de sus negocios o como profesional en su entorno laboral.<\/p>\n<p>La clase inaugural estuvo marcada por una conferencia del Prof. doctor Manoel Rocha, expresidente de CBR. Luego, el profesor Marcelo Pedroso, coordinador acad\u00e9mico - FIA, quien dio la bienvenida a los estudiantes junto al Dr. Rogerio Caldana, coordinador del curso \u2013 CBR, disert\u00f3 sobre la \u201cCadena de Valor en Salud\u201d.<\/p>\n<p>Entre los participantes, el radi\u00f3logo Dr. Lucas Giansante Abud, de Ribeir\u00e3o Preto, dijo que se enter\u00f3 del curso a trav\u00e9s de comunicaciones por correo electr\u00f3nico de CBR y que ya estaba buscando un MBA en gesti\u00f3n de la salud, cuando encontr\u00f3 este, m\u00e1s enfocado en medicina diagn\u00f3stica, hizo su elecci\u00f3n. \u201cMi objetivo es profundizar los conocimientos en gesti\u00f3n en el \u00e1rea. El primer m\u00f3dulo, que aborda la visi\u00f3n sist\u00e9mica del \u00e1rea de la salud, y el \u00faltimo, que abordar\u00e1 los modelos de gesti\u00f3n que involucran la parte legal, fueron los que m\u00e1s me llamaron la atenci\u00f3n, pero todo el contenido ser\u00e1 importante\u201d, dice.<\/p>\n<p>Ya la Dra. Marcelo Luiz Balancin, de S\u00e3o Paulo, es pat\u00f3logo. \u00c9l, que conoci\u00f3 el MBA a trav\u00e9s de la web de CBR, reforz\u00f3 su expectativa: adquirir conocimientos en gesti\u00f3n en el campo de la Medicina Diagn\u00f3stica. \u201cMi \u00e1rea, Patolog\u00eda, es un \u00e1rea de laboratorio dentro de Medicina Diagn\u00f3stica, por lo que ampliar\u00e9 mis conocimientos, utilizando el modelo de Radiolog\u00eda e Imagen Diagn\u00f3stica, ya que hay elementos comunes entre las dos \u00e1reas\u201d, explica.<\/p>\n<p>doctor Marcelo agrega que \u201cla innovaci\u00f3n fue uno de los temas que me llam\u00f3 la atenci\u00f3n entre las disciplinas, con los conceptos de Inteligencia Artificial, un tema que est\u00e1 muy de moda, y la b\u00fasqueda de innovaci\u00f3n ligada a las nuevas formas de remuneraci\u00f3n que est\u00e1n saliendo al mercado. \u201d.<\/p>\n<p>Las clases se impartir\u00e1n quincenalmente, los viernes por la tarde y los s\u00e1bados todo el d\u00eda.<\/p>\n<p>Mas informaciones:&nbsp;<a href=\"https:\/\/cbr.org.br\/es\/\">www.cbr.org.br<\/a><\/p>","protected":false},"excerpt":{"rendered":"<p>El 17 de mayo, en el Centro de Educaci\u00f3n M\u00e9dica Continuada de CBR (CEMC CBR), se llev\u00f3 a cabo la primera clase de la primera promoci\u00f3n del MBA Gerencia en Medicina Diagn\u00f3stica, una iniciativa sin precedentes de CBR en alianza con FIA. El curso es una oportunidad para profesionales que buscan actualizarse y desarrollar habilidades para desarrollar\u2026 <a href=\"https:\/\/cbr.org.br\/es\/inicio-do-mba-gestao-em-medicina-diagnostica-e-destaque-no-mes-de-maio\/\">Sigue leyendo<\/a><\/p>","protected":false},"author":8,"featured_media":25375,"comment_status":"open","ping_status":"open","sticky":false,"template":"","format":"standard","meta":{"_acf_changed":false,"footnotes":""},"categories":[491],"tags":[31,169,124,83,64,84],"class_list":["post-25370","post","type-post","status-publish","format-standard","has-post-thumbnail","hentry","category-cbr-educa","tag-educacao","tag-fia","tag-gestao","tag-mba","tag-medicina","tag-medicina-diagnostica"],"acf":[],"_links":{"self":[{"href":"https:\/\/cbr.org.br\/es\/wp-json\/wp\/v2\/posts\/25370","targetHints":{"allow":["GET"]}}],"collection":[{"href":"https:\/\/cbr.org.br\/es\/wp-json\/wp\/v2\/posts"}],"about":[{"href":"https:\/\/cbr.org.br\/es\/wp-json\/wp\/v2\/types\/post"}],"author":[{"embeddable":true,"href":"https:\/\/cbr.org.br\/es\/wp-json\/wp\/v2\/users\/8"}],"replies":[{"embeddable":true,"href":"https:\/\/cbr.org.br\/es\/wp-json\/wp\/v2\/comments?post=25370"}],"version-history":[{"count":1,"href":"https:\/\/cbr.org.br\/es\/wp-json\/wp\/v2\/posts\/25370\/revisions"}],"predecessor-version":[{"id":42938,"href":"https:\/\/cbr.org.br\/es\/wp-json\/wp\/v2\/posts\/25370\/revisions\/42938"}],"wp:featuredmedia":[{"embeddable":true,"href":"https:\/\/cbr.org.br\/es\/wp-json\/wp\/v2\/media\/25375"}],"wp:attachment":[{"href":"https:\/\/cbr.org.br\/es\/wp-json\/wp\/v2\/media?parent=25370"}],"wp:term":[{"taxonomy":"category","embeddable":true,"href":"https:\/\/cbr.org.br\/es\/wp-json\/wp\/v2\/categories?post=25370"},{"taxonomy":"post_tag","embeddable":true,"href":"https:\/\/cbr.org.br\/es\/wp-json\/wp\/v2\/tags?post=25370"}],"curies":[{"name":"wp","href":"https:\/\/api.w.org\/{rel}","templated":true}]}}