{"id":25722,"date":"2019-06-19T08:50:02","date_gmt":"2019-06-19T11:50:02","guid":{"rendered":"https:\/\/cbr.org.br\/?p=25722"},"modified":"2025-03-26T15:39:02","modified_gmt":"2025-03-26T18:39:02","slug":"conquista-para-a-radiologia-uerj-tem-sua-primeira-professora-titular-mulher-em-radiologia","status":"publish","type":"post","link":"https:\/\/cbr.org.br\/es\/conquista-para-a-radiologia-uerj-tem-sua-primeira-professora-titular-mulher-em-radiologia\/","title":{"rendered":"Conquista para la Radiolog\u00eda: UERJ tiene su primer Profesor Titular en Radiolog\u00eda"},"content":{"rendered":"<p>El 29 de mayo, un evento importante marc\u00f3 la historia de la Facultad de Ciencias M\u00e9dicas de la Universidad del Estado de R\u00edo de Janeiro (UERJ) y de la Radiolog\u00eda brasile\u00f1a.<\/p>\n<p>Despu\u00e9s de su Defensa P\u00fablica Memorial, el Dr. Alexandra Monteiro, primera secretaria de la CBR, fue nombrada Profesora de Radiolog\u00eda de la UERJ, tradicional instituci\u00f3n de educaci\u00f3n p\u00fablica de R\u00edo de Janeiro y una de las mayores universidades de Brasil.<\/p>\n<p>Con eso, la Dra. Alexandra Monteiro confirma su importante papel en la comunidad radiol\u00f3gica, siendo la primera Profesora Titular de Radiolog\u00eda de la UERJ.<\/p>\n<p>El hecho, adem\u00e1s de ser destacable para la especialidad, demuestra el crecimiento del desempe\u00f1o femenino en general, siendo cada vez m\u00e1s protagonistas en sus carreras. \u201cEstoy muy orgullosa, no solo como mujer, sino, sobre todo, como representante de la Radiolog\u00eda brasile\u00f1a en la categor\u00eda de Profesora Titular en una Instituci\u00f3n P\u00fablica de Ense\u00f1anza de excelencia como es la Facultad de Ciencias M\u00e9dicas de la Universidad Estatal de Rio de Janeiro. Janeiro\u201d, dice. Alejandra.<\/p>\n<p>Sobre la Defensa P\u00fablica de Memorial, la doctora dice que \u201ces, cuanto menos, inusual, porque es el momento en el que expones y haces p\u00fablica tu trayectoria personal y profesional, adem\u00e1s de ser un momento de revisi\u00f3n y reflexi\u00f3n. sobre una historia construida y un posible legado para las generaciones futuras\u201d.<\/p>\n<p>En la Facultad de Ciencias M\u00e9dicas de la Universidad del Estado de R\u00edo de Janeiro, adem\u00e1s de la Defensa P\u00fablica del Memorial, se solicita la presentaci\u00f3n de un Plan de Trabajo prospectivo, que reitera y denota la importancia de la Propiedad como legado institucional. En este caso, el Plan de Trabajo presentado para la docencia, la investigaci\u00f3n y la extensi\u00f3n tuvo como pilares: la formaci\u00f3n de m\u00e9dicos para el an\u00e1lisis cr\u00edtico de problemas, el aprendizaje colaborativo utilizando tecnolog\u00edas educativas y el desarrollo de actitudes, habilidades y competencias para la investigaci\u00f3n y el emprendimiento.<\/p>\n<p>Cuestionada por el equipo de informes de CBR sobre los principales pasos que la llevaron a este logro, la Dra. Alexandra destaca que el objetivo, la determinaci\u00f3n y el enfoque constituyen, a su juicio, el tr\u00edpode de cualquier camino, independientemente de la profesi\u00f3n, el g\u00e9nero o cualquier otro elemento.<\/p>\n<p>\u201cAdem\u00e1s, fuertes ra\u00edces, excelentes amigos y ejemplos profesionales en \u00e9tica, buenas pr\u00e1cticas y calidad t\u00e9cnica y cient\u00edfica completan este tr\u00edpode, por lo que agradezco a todos los que iluminaron mis elecciones, en especial a mi padre, Fernando Monteiro (<em>en memoria<\/em>), una brillante radi\u00f3loga de R\u00edo de Janeiro, que me ense\u00f1\u00f3 a amar y a sentirme orgullosa de ser Doctora y Radi\u00f3loga\u201d, concluye.<\/p>\n<p>Foto: Dra. Alexandra junto a la Junta Evaluadora luego de la Defensa P\u00fablica del Memorial<\/p>\n<p>Miembros del banco:<\/p>\n<p>\u2013 Prof. Dr. Ana Emilia Figueiredo de Oliveira (UFMA)<\/p>\n<p>\u2013 Prof. doctor Jos\u00e9 Herm\u00f3genes Rocco Suassuna (UERJ)<\/p>\n<p>\u2013 Prof. doctor Edson dos Santos Marchiori (UFRJ)<\/p>\n<p>\u2013 Prof. doctor Hilton Augusto Koch (UFRJ)<\/p>\n<p>\u2013 Prof. doctor Ronaldo Dami\u00e3o (UERJ)<\/p>","protected":false},"excerpt":{"rendered":"<p>El 29 de mayo, un evento importante marc\u00f3 la historia de la Facultad de Ciencias M\u00e9dicas de la Universidad del Estado de R\u00edo de Janeiro (UERJ) y de la Radiolog\u00eda brasile\u00f1a. Despu\u00e9s de su Defensa P\u00fablica Memorial, el Dr. Alexandra Monteiro, primera secretaria del CBR, fue nombrada Profesora Titular de Radiolog\u00eda en la UERJ, instituci\u00f3n de ense\u00f1anza tradicional\u2026 <a href=\"https:\/\/cbr.org.br\/es\/conquista-para-a-radiologia-uerj-tem-sua-primeira-professora-titular-mulher-em-radiologia\/\">Sigue leyendo<\/a><\/p>","protected":false},"author":8,"featured_media":25748,"comment_status":"closed","ping_status":"closed","sticky":false,"template":"","format":"standard","meta":{"_acf_changed":false,"footnotes":""},"categories":[10],"tags":[174,96,81,82,175],"class_list":["post-25722","post","type-post","status-publish","format-standard","has-post-thumbnail","hentry","category-institucional","tag-professora","tag-radiologia","tag-rio-de-janeiro","tag-rj","tag-uerj"],"acf":[],"_links":{"self":[{"href":"https:\/\/cbr.org.br\/es\/wp-json\/wp\/v2\/posts\/25722","targetHints":{"allow":["GET"]}}],"collection":[{"href":"https:\/\/cbr.org.br\/es\/wp-json\/wp\/v2\/posts"}],"about":[{"href":"https:\/\/cbr.org.br\/es\/wp-json\/wp\/v2\/types\/post"}],"author":[{"embeddable":true,"href":"https:\/\/cbr.org.br\/es\/wp-json\/wp\/v2\/users\/8"}],"replies":[{"embeddable":true,"href":"https:\/\/cbr.org.br\/es\/wp-json\/wp\/v2\/comments?post=25722"}],"version-history":[{"count":1,"href":"https:\/\/cbr.org.br\/es\/wp-json\/wp\/v2\/posts\/25722\/revisions"}],"predecessor-version":[{"id":51500,"href":"https:\/\/cbr.org.br\/es\/wp-json\/wp\/v2\/posts\/25722\/revisions\/51500"}],"wp:featuredmedia":[{"embeddable":true,"href":"https:\/\/cbr.org.br\/es\/wp-json\/wp\/v2\/media\/25748"}],"wp:attachment":[{"href":"https:\/\/cbr.org.br\/es\/wp-json\/wp\/v2\/media?parent=25722"}],"wp:term":[{"taxonomy":"category","embeddable":true,"href":"https:\/\/cbr.org.br\/es\/wp-json\/wp\/v2\/categories?post=25722"},{"taxonomy":"post_tag","embeddable":true,"href":"https:\/\/cbr.org.br\/es\/wp-json\/wp\/v2\/tags?post=25722"}],"curies":[{"name":"wp","href":"https:\/\/api.w.org\/{rel}","templated":true}]}}