{"id":25972,"date":"2019-07-15T15:14:29","date_gmt":"2019-07-15T18:14:29","guid":{"rendered":"https:\/\/cbr.org.br\/?p=25972"},"modified":"2025-03-26T14:09:46","modified_gmt":"2025-03-26T17:09:46","slug":"i-simposio-internacional-da-alianca-cavernoma-brasil-acontecera-em-agosto","status":"publish","type":"post","link":"https:\/\/cbr.org.br\/es\/i-simposio-internacional-da-alianca-cavernoma-brasil-acontecera-em-agosto\/","title":{"rendered":"1er Simposio Internacional de Alian\u00e7a Cavernoma Brasil tendr\u00e1 lugar en agosto"},"content":{"rendered":"<p>Alian\u00e7a Cavernoma Brasil \u2013 ACBra, instituci\u00f3n de derecho privado, en forma de asociaci\u00f3n civil sin fines de lucro y sin fines de lucro, con el objetivo de apoyar estudios, investigaciones, desarrollo de tecnolog\u00edas alternativas, producci\u00f3n y difusi\u00f3n de informaci\u00f3n y conocimientos t\u00e9cnicos y conocimiento cient\u00edfico relacionado con la Malformaci\u00f3n Cavernosa Cerebral (MCC), tambi\u00e9n conocida como Cavernoma, Cavernoma Cerebral, Angioma Cavernoso o Hemangioma Cavernoso, llevar\u00e1 a cabo el 1er Simposio Internacional de Alian\u00e7a Cavernoma Brasil.<\/p>\n<p>El evento, que tendr\u00e1 lugar el 12 de agosto, en R\u00edo de Janeiro, contar\u00e1 con la participaci\u00f3n de neur\u00f3logos y neurocirujanos, y tendr\u00e1 como foco la actualizaci\u00f3n de los conocimientos actuales sobre la enfermedad y el desarrollo de estudios cl\u00ednicos, adem\u00e1s de una cuidadosa discusi\u00f3n con neurocirujanos. , con experiencia en el tratamiento de la enfermedad, para la construcci\u00f3n y estandarizaci\u00f3n de centros de referencia. Dichos centros ser\u00e1n sugeridos a los pacientes que se comuniquen con Alian\u00e7a Cavernoma en busca de orientaci\u00f3n sobre el tratamiento de la enfermedad en diferentes regiones de Brasil.<\/p>\n<p>De acuerdo con la informaci\u00f3n disponible en el sitio web del evento, a\u00fan con pocos recursos disponibles y la excelencia de los invitados nacionales y extranjeros que estar\u00e1n presentes, la direcci\u00f3n de la ACBra decidi\u00f3 que los pacientes con cavernoma y sus familias estar\u00e1n exentos de registro, cobrando el valor de R$100,00 para m\u00e9dicos y R$50.00 para estudiantes y residentes.<\/p>\n<p>El horario y la informaci\u00f3n sobre c\u00f3mo registrarse est\u00e1n disponibles en el sitio web del evento: <a href=\"http:\/\/cavernoma.org.br\/i-simposio-internacional-da-alianca-cavernoma-brasil\">http:\/\/cavernoma.org.br\/i-simposio-internacional-da-alianca-cavernoma-brasil<\/a><\/p>","protected":false},"excerpt":{"rendered":"<p>Alian\u00e7a Cavernoma Brasil \u2013 ACBra, instituci\u00f3n de derecho privado, en forma de asociaci\u00f3n civil sin fines de lucro y sin fines de lucro, con el objetivo de apoyar estudios, investigaciones, desarrollo de tecnolog\u00edas alternativas, producci\u00f3n y difusi\u00f3n de informaci\u00f3n y conocimientos t\u00e9cnicos y conocimiento cient\u00edfico sobre la Malformaci\u00f3n Cavernosa Cerebral (MCC), tambi\u00e9n conocida como Cavernoma, Cavernoma\u2026 <a href=\"https:\/\/cbr.org.br\/es\/i-simposio-internacional-da-alianca-cavernoma-brasil-acontecera-em-agosto\/\">Sigue leyendo<\/a><\/p>","protected":false},"author":8,"featured_media":26001,"comment_status":"closed","ping_status":"closed","sticky":false,"template":"","format":"standard","meta":{"_acf_changed":false,"footnotes":""},"categories":[16],"tags":[215,216,217,81,82,218],"class_list":["post-25972","post","type-post","status-publish","format-standard","has-post-thumbnail","hentry","category-sociedades-estaduais","tag-cavernoma","tag-cerebral","tag-malformacao-cavernosa-cerebral","tag-rio-de-janeiro","tag-rj","tag-simposio"],"acf":[],"_links":{"self":[{"href":"https:\/\/cbr.org.br\/es\/wp-json\/wp\/v2\/posts\/25972","targetHints":{"allow":["GET"]}}],"collection":[{"href":"https:\/\/cbr.org.br\/es\/wp-json\/wp\/v2\/posts"}],"about":[{"href":"https:\/\/cbr.org.br\/es\/wp-json\/wp\/v2\/types\/post"}],"author":[{"embeddable":true,"href":"https:\/\/cbr.org.br\/es\/wp-json\/wp\/v2\/users\/8"}],"replies":[{"embeddable":true,"href":"https:\/\/cbr.org.br\/es\/wp-json\/wp\/v2\/comments?post=25972"}],"version-history":[{"count":1,"href":"https:\/\/cbr.org.br\/es\/wp-json\/wp\/v2\/posts\/25972\/revisions"}],"predecessor-version":[{"id":51485,"href":"https:\/\/cbr.org.br\/es\/wp-json\/wp\/v2\/posts\/25972\/revisions\/51485"}],"wp:featuredmedia":[{"embeddable":true,"href":"https:\/\/cbr.org.br\/es\/wp-json\/wp\/v2\/media\/26001"}],"wp:attachment":[{"href":"https:\/\/cbr.org.br\/es\/wp-json\/wp\/v2\/media?parent=25972"}],"wp:term":[{"taxonomy":"category","embeddable":true,"href":"https:\/\/cbr.org.br\/es\/wp-json\/wp\/v2\/categories?post=25972"},{"taxonomy":"post_tag","embeddable":true,"href":"https:\/\/cbr.org.br\/es\/wp-json\/wp\/v2\/tags?post=25972"}],"curies":[{"name":"wp","href":"https:\/\/api.w.org\/{rel}","templated":true}]}}