{"id":25976,"date":"2019-07-16T11:32:55","date_gmt":"2019-07-16T14:32:55","guid":{"rendered":"https:\/\/cbr.org.br\/?p=25976"},"modified":"2025-03-26T13:43:51","modified_gmt":"2025-03-26T16:43:51","slug":"membro-da-comissao-de-protecao-radiologica-visita-instituto-portugues-de-oncologia-de-lisboa-francisco-gentil","status":"publish","type":"post","link":"https:\/\/cbr.org.br\/es\/membro-da-comissao-de-protecao-radiologica-visita-instituto-portugues-de-oncologia-de-lisboa-francisco-gentil\/","title":{"rendered":"Miembro de la Comisi\u00f3n de Protecci\u00f3n Radiol\u00f3gica visita el Instituto Portugu\u00e9s de Oncolog\u00eda en Lisboa Francisco Gentil"},"content":{"rendered":"<p>Dr. M\u00f4nica Bernardo, que forma parte del Comit\u00e9 de Protecci\u00f3n Radiol\u00f3gica del CBR, estuvo, a fines de junio, en el Instituto Portugu\u00e9s de Oncolog\u00eda Francisco Gentil en Lisboa (IPO). El objetivo fue dar a conocer el servicio que es reconocido por la pr\u00e1ctica de justificaci\u00f3n y optimizaci\u00f3n de la dosis de ex\u00e1menes radiol\u00f3gicos oncol\u00f3gicos p\u00fablicos, siendo responsable el Dr. Jos\u00e9 Ven\u00e2ncio, director del sector de Radiolog\u00eda.<\/p>\n<p>En la ocasi\u00f3n, tambi\u00e9n se aclararon puntos importantes sobre el proyecto internacional de protecci\u00f3n radiol\u00f3gica en los pa\u00edses de habla portuguesa (<em>Desarrollo de conocimientos, habilidades y competencias en protecci\u00f3n radiol\u00f3gica en medicina en pa\u00edses de habla portuguesa<\/em>), del que forma parte el CBR, as\u00ed como documentos legales sobre la base de la protecci\u00f3n radiol\u00f3gica en Europa y Portugal, que podr\u00edan ayudar en su implementaci\u00f3n.<\/p>\n<p>&quot;El Doctor. Venancio, junto con el Dr. Jos\u00e9 Afonso, que es f\u00edsico m\u00e9dico del IPO, nos mostr\u00f3 el servicio de Radiolog\u00eda local y el diagrama de flujo de trabajo, as\u00ed como los equipos y la preocupaci\u00f3n por la protecci\u00f3n radiol\u00f3gica en la pr\u00e1ctica, en el trabajo diario\u201d, comenta el Dr. M\u00f3nica.<\/p>\n<p>Otro punto destacado de esta reuni\u00f3n fue que el Dr. Venancio contact\u00f3 al Dr. Graciano Paulo, presidente de la Comisi\u00f3n Cient\u00edfica de Imagen M\u00e9dica y Radioterapia de la Organizaci\u00f3n Mundial de la Salud (OMS), para llevar el proyecto a una reuni\u00f3n en la Agencia Internacional de Energ\u00eda At\u00f3mica, en Viena, en julio, fortaleciendo a\u00fan m\u00e1s el trabajo.<\/p>\n<p>\u201cLa reuni\u00f3n proporcion\u00f3 un importante intercambio de experiencias, fortaleciendo la campa\u00f1a en Brasil y en los pa\u00edses de habla portuguesa sobre protecci\u00f3n radiol\u00f3gica\u201d, concluye el Dr. M\u00f3nica.<\/p>\n<p>Para optimizar el trabajo, el Dr. M\u00f3nica tambi\u00e9n mantuvo una reuni\u00f3n con el Dr. Laura Barlow, Head of Musculoskeletal Imaging en el Hospital da Florida, Orlando, y representante de Image Wisely (campa\u00f1a para crear conciencia sobre la protecci\u00f3n radiol\u00f3gica en adultos) durante la European Society of Musculoskeletal Radiology (ESSR 2019), tambi\u00e9n en Lisboa, reforzando la intenci\u00f3n de implementaci\u00f3n de la campa\u00f1a en Brasil.<\/p>\n<p>Foto: Dra. M\u00f3nica y el Dr. Ven\u00e2ncio junto a un m\u00e9dico especialista en Imagen de Mama en el sector de resonancia magn\u00e9tica<\/p>","protected":false},"excerpt":{"rendered":"<p>Dr. M\u00f4nica Bernardo, que forma parte del Comit\u00e9 de Protecci\u00f3n Radiol\u00f3gica del CBR, estuvo, a fines de junio, en el Instituto Portugu\u00e9s de Oncolog\u00eda Francisco Gentil en Lisboa (IPO). El objetivo fue dar a conocer el servicio que es reconocido para la pr\u00e1ctica de justificaci\u00f3n y optimizaci\u00f3n de dosis de ex\u00e1menes radiol\u00f3gicos oncol\u00f3gicos p\u00fablicos, siendo responsable el Dr. \u2026 <a href=\"https:\/\/cbr.org.br\/es\/membro-da-comissao-de-protecao-radiologica-visita-instituto-portugues-de-oncologia-de-lisboa-francisco-gentil\/\">Sigue leyendo<\/a><\/p>","protected":false},"author":8,"featured_media":25994,"comment_status":"closed","ping_status":"closed","sticky":false,"template":"","format":"standard","meta":{"_acf_changed":false,"footnotes":""},"categories":[10],"tags":[50,665,111,84,32],"class_list":["post-25976","post","type-post","status-publish","format-standard","has-post-thumbnail","hentry","category-institucional","tag-cbr","tag-cbr_radiologia","tag-diagnostico-por-imagem","tag-medicina-diagnostica","tag-oncologia"],"acf":[],"_links":{"self":[{"href":"https:\/\/cbr.org.br\/es\/wp-json\/wp\/v2\/posts\/25976","targetHints":{"allow":["GET"]}}],"collection":[{"href":"https:\/\/cbr.org.br\/es\/wp-json\/wp\/v2\/posts"}],"about":[{"href":"https:\/\/cbr.org.br\/es\/wp-json\/wp\/v2\/types\/post"}],"author":[{"embeddable":true,"href":"https:\/\/cbr.org.br\/es\/wp-json\/wp\/v2\/users\/8"}],"replies":[{"embeddable":true,"href":"https:\/\/cbr.org.br\/es\/wp-json\/wp\/v2\/comments?post=25976"}],"version-history":[{"count":1,"href":"https:\/\/cbr.org.br\/es\/wp-json\/wp\/v2\/posts\/25976\/revisions"}],"predecessor-version":[{"id":51467,"href":"https:\/\/cbr.org.br\/es\/wp-json\/wp\/v2\/posts\/25976\/revisions\/51467"}],"wp:featuredmedia":[{"embeddable":true,"href":"https:\/\/cbr.org.br\/es\/wp-json\/wp\/v2\/media\/25994"}],"wp:attachment":[{"href":"https:\/\/cbr.org.br\/es\/wp-json\/wp\/v2\/media?parent=25976"}],"wp:term":[{"taxonomy":"category","embeddable":true,"href":"https:\/\/cbr.org.br\/es\/wp-json\/wp\/v2\/categories?post=25976"},{"taxonomy":"post_tag","embeddable":true,"href":"https:\/\/cbr.org.br\/es\/wp-json\/wp\/v2\/tags?post=25976"}],"curies":[{"name":"wp","href":"https:\/\/api.w.org\/{rel}","templated":true}]}}